{"id":89634,"date":"2018-01-16T11:22:54","date_gmt":"2018-01-16T13:22:54","guid":{"rendered":"http:\/\/diarioregionaljf.com.br\/2018\/01\/16\/assaltantes-rendem-homem-e-roubam-loja-na-zona-norte\/"},"modified":"2018-01-16T11:22:54","modified_gmt":"2018-01-16T13:22:54","slug":"assaltantes-rendem-homem-e-roubam-loja-na-zona-norte","status":"publish","type":"post","link":"https:\/\/diarioregionaldigital.com.br\/?p=89634","title":{"rendered":"Assaltantes rendem homem e roubam loja na zona Norte"},"content":{"rendered":"<p>Uma loja de armarinho foi assaltada no in\u00edcio da noite desta segunda-feira, 15, no bairro, S\u00e3o Francisco de Paula, localizado na zona Norte.<\/p>\n<p>De acordo com o registro de ocorr\u00eancias da Pol\u00edcia Militar (PM), o propriet\u00e1rio do estabelecimento, de 35 anos, fechava o local quando notou dois indiv\u00edduos se aproximarem na Rua Dr. Sime\u00e3o de Faria.<\/p>\n<p>Nesse momento a v\u00edtima voltou para o interior da loja, tentou fechar a porta de a\u00e7o, mas imediatamente os dois autores invadiram o local e anunciaram o assalto, utilizando uma pistola.<\/p>\n<p>Os assaltantes, um homem de 31 anos e um jovem de 21, realizaram amea\u00e7as contra o propriet\u00e1rio e exigiram que ele se deitasse no ch\u00e3o com as m\u00e3os na cabe\u00e7a e indicasse a localiza\u00e7\u00e3o do caixa do estabelecimento, o que foi prontamente feito.<\/p>\n<p>Com as informa\u00e7\u00f5es, o autor de 21 anos roubou a quantia de R$101 do caixa, al\u00e9m de R$200 de dentro de uma caixa de papel\u00e3o, que seria utilizado para pagar recargas de celular.<\/p>\n<p>O autor de 31 anos foi at\u00e9 a v\u00edtima, que continuava deitada no ch\u00e3o, o revistou e roubou um aparelho celular.<\/p>\n<p>A dupla guardou os itens roubados em uma mochila e fugiram pela Rua Luiz Vilani.<\/p>\n<p>As equipes da PM foram acionadas e realizaram rastreamento pela regi\u00e3o, vindo a localizar o jovem de 21 anos, que por sua vez, ao avistar a viatura correu em dire\u00e7\u00e3o ao um pasto localizado no bairro.<\/p>\n<p>Um cerco foi realizado na \u00e1rea e com isso o jovem foi encontrado escondido debaixo de uma escada no quintal de uma resid\u00eancia localizada nas proximidades. Ao ser submetido a busca pessoal, os policiais encontraram a quantia de R$101 roubados. No caminho percorrido pelo autor tamb\u00e9m foi encontrado um simulacro de arma de fogo. Ele confirmou a posse dos materiais e explicou que os demais itens roubados ficaram com o outro autor, que conseguiu fugir.<\/p>\n<p>A v\u00edtima reconheceu o jovem como um dos assaltantes. O autor e os materiais recuperados foram encaminhados para a delegacia.<\/p>\n","protected":false},"excerpt":{"rendered":"<p>Uma loja de armarinho foi assaltada no in\u00edcio da noite desta segunda-feira, 15, no bairro, S\u00e3o Francisco de Paula, localizado na zona Norte. De acordo com o registro de ocorr\u00eancias da Pol\u00edcia Militar (PM), o propriet\u00e1rio do estabelecimento, de 35 anos, fechava o local quando notou dois indiv\u00edduos se aproximarem na Rua Dr. Sime\u00e3o de [&hellip;]<\/p>\n","protected":false},"author":96,"featured_media":89633,"comment_status":"closed","ping_status":"closed","sticky":false,"template":"","format":"standard","meta":{"footnotes":""},"categories":[301],"tags":[],"class_list":["post-89634","post","type-post","status-publish","format-standard","has-post-thumbnail","hentry","category-artigos-policiais"],"_links":{"self":[{"href":"https:\/\/diarioregionaldigital.com.br\/index.php?rest_route=\/wp\/v2\/posts\/89634","targetHints":{"allow":["GET"]}}],"collection":[{"href":"https:\/\/diarioregionaldigital.com.br\/index.php?rest_route=\/wp\/v2\/posts"}],"about":[{"href":"https:\/\/diarioregionaldigital.com.br\/index.php?rest_route=\/wp\/v2\/types\/post"}],"author":[{"embeddable":true,"href":"https:\/\/diarioregionaldigital.com.br\/index.php?rest_route=\/wp\/v2\/users\/96"}],"replies":[{"embeddable":true,"href":"https:\/\/diarioregionaldigital.com.br\/index.php?rest_route=%2Fwp%2Fv2%2Fcomments&post=89634"}],"version-history":[{"count":0,"href":"https:\/\/diarioregionaldigital.com.br\/index.php?rest_route=\/wp\/v2\/posts\/89634\/revisions"}],"wp:featuredmedia":[{"embeddable":true,"href":"https:\/\/diarioregionaldigital.com.br\/index.php?rest_route=\/wp\/v2\/media\/89633"}],"wp:attachment":[{"href":"https:\/\/diarioregionaldigital.com.br\/index.php?rest_route=%2Fwp%2Fv2%2Fmedia&parent=89634"}],"wp:term":[{"taxonomy":"category","embeddable":true,"href":"https:\/\/diarioregionaldigital.com.br\/index.php?rest_route=%2Fwp%2Fv2%2Fcategories&post=89634"},{"taxonomy":"post_tag","embeddable":true,"href":"https:\/\/diarioregionaldigital.com.br\/index.php?rest_route=%2Fwp%2Fv2%2Ftags&post=89634"}],"curies":[{"name":"wp","href":"https:\/\/api.w.org\/{rel}","templated":true}]}}