{"id":89628,"date":"2018-01-15T22:13:29","date_gmt":"2018-01-16T00:13:29","guid":{"rendered":"http:\/\/diarioregionaljf.com.br\/2018\/01\/15\/pjf-convoca-professores-aprovados-em-processo-seletivo-para-a-educacao-infantil\/"},"modified":"2018-01-15T22:13:29","modified_gmt":"2018-01-16T00:13:29","slug":"pjf-convoca-professores-aprovados-em-processo-seletivo-para-a-educacao-infantil","status":"publish","type":"post","link":"https:\/\/diarioregionaldigital.com.br\/?p=89628","title":{"rendered":"PJF convoca professores aprovados em processo seletivo para a educa\u00e7\u00e3o infantil"},"content":{"rendered":"<p>A Prefeitura de Juiz de Fora (PJF) divulgou a listagem de convoca\u00e7\u00e3o dos candidatos aprovados no processo seletivo para contrata\u00e7\u00e3o de professor da educa\u00e7\u00e3o infantil, para atuar no ano letivo de 2018, na Rede Municipal de Ensino (Edital n\u00ba 335). Os convocados dever\u00e3o comparecer ao Centro de Forma\u00e7\u00e3o do Professor (Avenida Get\u00falio Vargas, n\u00ba200, Centro), nesta ter\u00e7a ou quarta-feira, 16 e 17, para escolha de vaga. Os interessados devem estar atentos aos hor\u00e1rios de apresenta\u00e7\u00e3o, que podem ser conferidos <a href=\"https:\/\/www.pjf.mg.gov.br\/e_atos\/e_atos_vis.php?id=58513\" target=\"_blank\" rel=\"noopener noreferrer\">aqui<\/a> e <a href=\"https:\/\/www.pjf.mg.gov.br\/e_atos\/e_atos_vis.php?id=58512\" target=\"_blank\" rel=\"noopener noreferrer\">aqui<\/a>. A fase de chamadas dever\u00e1 ocorrer durante todo este m\u00eas, e os candidatos devem acompanhar as publica\u00e7\u00f5es no \u201cAtos do Governo\u201d ou na se\u00e7\u00e3o \u201cContrata\u00e7\u00e3o tempor\u00e1ria\u201d, no site da PJF.<\/p>\n<p>&nbsp;<\/p>\n<p>Fonte: Assessoria<\/p>\n","protected":false},"excerpt":{"rendered":"<p>A Prefeitura de Juiz de Fora (PJF) divulgou a listagem de convoca\u00e7\u00e3o dos candidatos aprovados no processo seletivo para contrata\u00e7\u00e3o de professor da educa\u00e7\u00e3o infantil, para atuar no ano letivo de 2018, na Rede Municipal de Ensino (Edital n\u00ba 335). Os convocados dever\u00e3o comparecer ao Centro de Forma\u00e7\u00e3o do Professor (Avenida Get\u00falio Vargas, n\u00ba200, Centro), [&hellip;]<\/p>\n","protected":false},"author":96,"featured_media":89627,"comment_status":"closed","ping_status":"closed","sticky":false,"template":"","format":"standard","meta":{"footnotes":""},"categories":[280],"tags":[],"class_list":["post-89628","post","type-post","status-publish","format-standard","has-post-thumbnail","hentry","category-concurso"],"_links":{"self":[{"href":"https:\/\/diarioregionaldigital.com.br\/index.php?rest_route=\/wp\/v2\/posts\/89628","targetHints":{"allow":["GET"]}}],"collection":[{"href":"https:\/\/diarioregionaldigital.com.br\/index.php?rest_route=\/wp\/v2\/posts"}],"about":[{"href":"https:\/\/diarioregionaldigital.com.br\/index.php?rest_route=\/wp\/v2\/types\/post"}],"author":[{"embeddable":true,"href":"https:\/\/diarioregionaldigital.com.br\/index.php?rest_route=\/wp\/v2\/users\/96"}],"replies":[{"embeddable":true,"href":"https:\/\/diarioregionaldigital.com.br\/index.php?rest_route=%2Fwp%2Fv2%2Fcomments&post=89628"}],"version-history":[{"count":0,"href":"https:\/\/diarioregionaldigital.com.br\/index.php?rest_route=\/wp\/v2\/posts\/89628\/revisions"}],"wp:featuredmedia":[{"embeddable":true,"href":"https:\/\/diarioregionaldigital.com.br\/index.php?rest_route=\/wp\/v2\/media\/89627"}],"wp:attachment":[{"href":"https:\/\/diarioregionaldigital.com.br\/index.php?rest_route=%2Fwp%2Fv2%2Fmedia&parent=89628"}],"wp:term":[{"taxonomy":"category","embeddable":true,"href":"https:\/\/diarioregionaldigital.com.br\/index.php?rest_route=%2Fwp%2Fv2%2Fcategories&post=89628"},{"taxonomy":"post_tag","embeddable":true,"href":"https:\/\/diarioregionaldigital.com.br\/index.php?rest_route=%2Fwp%2Fv2%2Ftags&post=89628"}],"curies":[{"name":"wp","href":"https:\/\/api.w.org\/{rel}","templated":true}]}}