{"id":89626,"date":"2018-01-15T22:05:26","date_gmt":"2018-01-16T00:05:26","guid":{"rendered":"http:\/\/diarioregionaljf.com.br\/2018\/01\/15\/edital-do-carnaval-2018-registra-73-inscricoes\/"},"modified":"2018-01-15T22:05:26","modified_gmt":"2018-01-16T00:05:26","slug":"edital-do-carnaval-2018-registra-73-inscricoes","status":"publish","type":"post","link":"https:\/\/diarioregionaldigital.com.br\/?p=89626","title":{"rendered":"Edital do Carnaval 2018 registra 73 inscri\u00e7\u00f5es"},"content":{"rendered":"<p>Confirmando a for\u00e7a da folia de rua em Juiz de Fora, 73 atividades foram registradas no Edital de Solicita\u00e7\u00e3o de Apoio e Alvar\u00e1 do Carnaval 2018. A maior parte das inscri\u00e7\u00f5es \u00e9 referente a blocos, que se concentram e\/ou desfilam na \u00e1rea central, em bairros de todas as regi\u00f5es e nos distritos da cidade. O n\u00famero de cadastros superou o do carnaval passado, quando houve 69 inscritos no edital, com 64 aprovados pela comiss\u00e3o respons\u00e1vel pela avalia\u00e7\u00e3o.<\/p>\n<p>Nas duas primeiras reuni\u00f5es deste ano, a comiss\u00e3o aprovou 30 eventos. Outros 12 passam por ajustes de calend\u00e1rio, trajeto e local. O terceiro encontro da Comiss\u00e3o do Carnaval est\u00e1 programado para esta semana, sendo o acesso restrito aos seus integrantes. A programa\u00e7\u00e3o completa da \u201cFolia de Momo\u201d de Juiz de Fora deve ser divulgada no in\u00edcio da pr\u00f3xima semana, e a abertura da festa est\u00e1 confirmada para 26 de janeiro, com a terceira edi\u00e7\u00e3o do projeto \u201cEscadaria do Samba\u201d, no Parque Halfeld, das 15h \u00e0s 22h.<\/p>\n<p>Lan\u00e7ado anualmente pela Prefeitura de Juiz de Fora (PJF), o cadastro tem como objetivo normatizar o calend\u00e1rio carnavalesco, operacionalizar a log\u00edstica de seguran\u00e7a e tr\u00e2nsito, al\u00e9m de reduzir impactos negativos na rotina da cidade. As solicita\u00e7\u00f5es s\u00e3o avaliadas por comiss\u00e3o mista, formada por representantes das secretarias de Governo, Transporte e Tr\u00e2nsito, Atividades Urbanas e a de Seguran\u00e7a Urbana e Cidadania (Guarda Municipal) e da Funda\u00e7\u00e3o Cultural \u201cAlfredo Ferreira Lage\u201d (Funalfa), al\u00e9m da Pol\u00edcia Militar e do Corpo de Bombeiros.<\/p>\n<p>&nbsp;<\/p>\n<p>Fonte: Assessoria<\/p>\n","protected":false},"excerpt":{"rendered":"<p>Confirmando a for\u00e7a da folia de rua em Juiz de Fora, 73 atividades foram registradas no Edital de Solicita\u00e7\u00e3o de Apoio e Alvar\u00e1 do Carnaval 2018. A maior parte das inscri\u00e7\u00f5es \u00e9 referente a blocos, que se concentram e\/ou desfilam na \u00e1rea central, em bairros de todas as regi\u00f5es e nos distritos da cidade. O [&hellip;]<\/p>\n","protected":false},"author":96,"featured_media":89625,"comment_status":"closed","ping_status":"closed","sticky":false,"template":"","format":"standard","meta":{"footnotes":""},"categories":[253],"tags":[],"class_list":["post-89626","post","type-post","status-publish","format-standard","has-post-thumbnail","hentry","category-cidade"],"_links":{"self":[{"href":"https:\/\/diarioregionaldigital.com.br\/index.php?rest_route=\/wp\/v2\/posts\/89626","targetHints":{"allow":["GET"]}}],"collection":[{"href":"https:\/\/diarioregionaldigital.com.br\/index.php?rest_route=\/wp\/v2\/posts"}],"about":[{"href":"https:\/\/diarioregionaldigital.com.br\/index.php?rest_route=\/wp\/v2\/types\/post"}],"author":[{"embeddable":true,"href":"https:\/\/diarioregionaldigital.com.br\/index.php?rest_route=\/wp\/v2\/users\/96"}],"replies":[{"embeddable":true,"href":"https:\/\/diarioregionaldigital.com.br\/index.php?rest_route=%2Fwp%2Fv2%2Fcomments&post=89626"}],"version-history":[{"count":0,"href":"https:\/\/diarioregionaldigital.com.br\/index.php?rest_route=\/wp\/v2\/posts\/89626\/revisions"}],"wp:featuredmedia":[{"embeddable":true,"href":"https:\/\/diarioregionaldigital.com.br\/index.php?rest_route=\/wp\/v2\/media\/89625"}],"wp:attachment":[{"href":"https:\/\/diarioregionaldigital.com.br\/index.php?rest_route=%2Fwp%2Fv2%2Fmedia&parent=89626"}],"wp:term":[{"taxonomy":"category","embeddable":true,"href":"https:\/\/diarioregionaldigital.com.br\/index.php?rest_route=%2Fwp%2Fv2%2Fcategories&post=89626"},{"taxonomy":"post_tag","embeddable":true,"href":"https:\/\/diarioregionaldigital.com.br\/index.php?rest_route=%2Fwp%2Fv2%2Ftags&post=89626"}],"curies":[{"name":"wp","href":"https:\/\/api.w.org\/{rel}","templated":true}]}}