{"id":89622,"date":"2018-01-15T21:28:52","date_gmt":"2018-01-15T23:28:52","guid":{"rendered":"http:\/\/diarioregionaljf.com.br\/2018\/01\/15\/por-nove-votos-de-diferenca-chapa-baeta-para-o-futuro-vence-eleicoes-no-tupynambas\/"},"modified":"2018-01-15T21:28:52","modified_gmt":"2018-01-15T23:28:52","slug":"por-nove-votos-de-diferenca-chapa-baeta-para-o-futuro-vence-eleicoes-no-tupynambas","status":"publish","type":"post","link":"https:\/\/diarioregionaldigital.com.br\/?p=89622","title":{"rendered":"Por nove votos de diferen\u00e7a chapa \u201cBaeta para o Futuro\u201d vence elei\u00e7\u00f5es no Tupynamb\u00e1s"},"content":{"rendered":"<p>Por 58 votos a 47, a chapa \u201cBaeta para o Futuro\u201d venceu as elei\u00e7\u00f5es ocorridas neste domingo, 14, no Tupynamb\u00e1s Futebol Clube.<\/p>\n<p>&nbsp;A chapa \u00e9 encabe\u00e7ada por&nbsp;Jorge de Aguiar Dias (presidente) e&nbsp;Mauro Lima (vice-presidente) e comandar\u00e1 as a\u00e7\u00f5es de 2018 a 2020.&nbsp;Na outra chapa, \u201cTradi\u00e7\u00e3o Respeito e Modernidade\u201d, Francisco Quirino concorria a novo mandato.<\/p>\n<p>As elei\u00e7\u00f5es, que&nbsp;<a href=\"http:\/\/www.toquedebola.esp.br\/noticias\/2017\/11\/justica-cancela-eleicoes-do-tupynambas\/\">seriam em 12 de novembro<\/a>, foram suspensas a partir de uma medida judicial impetrada pela ADJF, que questionava, entre outras coisas, mudan\u00e7as de estatuto.<\/p>\n<p>As chapas tiveram que ser refeitas e novo prazo foi estipulado, culminando com as elei\u00e7\u00f5es transcorridas neste domingo.<\/p>\n<p>O presidente eleito, Jorge Dias, 79 anos, \u00e9 militar aposentado e pai de Cl\u00e1udio e Carlos Dias, dupla de profunda liga\u00e7\u00e3o com o handebol da cidade, estadual e brasileiro. Carlos \u00e9 t\u00e9cnico das equipes da Associa\u00e7\u00e3o Desportiva de Juiz de Fora (ADJF), fundada por Jorge, que disputa as principais competi\u00e7\u00f5es do pa\u00eds no masculino e possui parceria com o Le\u00e3o do Po\u00e7o Rico firmada em 2015, de 25 anos de dura\u00e7\u00e3o.<\/p>\n<p>J\u00e1 Cl\u00e1udio, ex-Secret\u00e1rio de Esporte e Lazer, ainda apresenta no curr\u00edculo o comando da ADJF e atualmente o cargo de presidente da Federa\u00e7\u00e3o Mineira de Handebol (FMH). J\u00e1 o vice-presidente da chapa, Mauro Lima, \u00e9 ex-jogador de Tupynamb\u00e1s e Tupi.<\/p>\n<p><strong>Metas<\/strong><\/p>\n<p>Entre as metas da chapa vencedora est\u00e1 uma \u201cauditoria total nas contas e patrim\u00f4nio\u201d do Tupynamb\u00e1s, al\u00e9m da divulga\u00e7\u00e3o mensal de toda a movimenta\u00e7\u00e3o cont\u00e1bil do clube e adequa\u00e7\u00e3o do estatuto de acordo com o C\u00f3digo Civil. H\u00e1 ainda proje\u00e7\u00f5es de melhorias estruturais. No futebol, o projeto terceirizado e que disputa o M\u00f3dulo II do Campeonato Mineiro a partir da segunda quinzena de fevereiro dever\u00e1 ter continuidade. H\u00e1, inclusive, meta ambiciosa da dire\u00e7\u00e3o em fazer do Baeta um \u201ccentro de forma\u00e7\u00e3o\u201d de atletas, paralelamente \u00e0 busca de recursos em leis de incentivo para o crescimento da equipe.<\/p>\n","protected":false},"excerpt":{"rendered":"<p>Por 58 votos a 47, a chapa \u201cBaeta para o Futuro\u201d venceu as elei\u00e7\u00f5es ocorridas neste domingo, 14, no Tupynamb\u00e1s Futebol Clube. &nbsp;A chapa \u00e9 encabe\u00e7ada por&nbsp;Jorge de Aguiar Dias (presidente) e&nbsp;Mauro Lima (vice-presidente) e comandar\u00e1 as a\u00e7\u00f5es de 2018 a 2020.&nbsp;Na outra chapa, \u201cTradi\u00e7\u00e3o Respeito e Modernidade\u201d, Francisco Quirino concorria a novo mandato. As [&hellip;]<\/p>\n","protected":false},"author":96,"featured_media":89621,"comment_status":"closed","ping_status":"closed","sticky":false,"template":"","format":"standard","meta":{"footnotes":""},"categories":[257],"tags":[],"class_list":["post-89622","post","type-post","status-publish","format-standard","has-post-thumbnail","hentry","category-esporte"],"_links":{"self":[{"href":"https:\/\/diarioregionaldigital.com.br\/index.php?rest_route=\/wp\/v2\/posts\/89622","targetHints":{"allow":["GET"]}}],"collection":[{"href":"https:\/\/diarioregionaldigital.com.br\/index.php?rest_route=\/wp\/v2\/posts"}],"about":[{"href":"https:\/\/diarioregionaldigital.com.br\/index.php?rest_route=\/wp\/v2\/types\/post"}],"author":[{"embeddable":true,"href":"https:\/\/diarioregionaldigital.com.br\/index.php?rest_route=\/wp\/v2\/users\/96"}],"replies":[{"embeddable":true,"href":"https:\/\/diarioregionaldigital.com.br\/index.php?rest_route=%2Fwp%2Fv2%2Fcomments&post=89622"}],"version-history":[{"count":0,"href":"https:\/\/diarioregionaldigital.com.br\/index.php?rest_route=\/wp\/v2\/posts\/89622\/revisions"}],"wp:featuredmedia":[{"embeddable":true,"href":"https:\/\/diarioregionaldigital.com.br\/index.php?rest_route=\/wp\/v2\/media\/89621"}],"wp:attachment":[{"href":"https:\/\/diarioregionaldigital.com.br\/index.php?rest_route=%2Fwp%2Fv2%2Fmedia&parent=89622"}],"wp:term":[{"taxonomy":"category","embeddable":true,"href":"https:\/\/diarioregionaldigital.com.br\/index.php?rest_route=%2Fwp%2Fv2%2Fcategories&post=89622"},{"taxonomy":"post_tag","embeddable":true,"href":"https:\/\/diarioregionaldigital.com.br\/index.php?rest_route=%2Fwp%2Fv2%2Ftags&post=89622"}],"curies":[{"name":"wp","href":"https:\/\/api.w.org\/{rel}","templated":true}]}}