{"id":89620,"date":"2018-01-15T21:25:23","date_gmt":"2018-01-15T23:25:23","guid":{"rendered":"http:\/\/diarioregionaljf.com.br\/2018\/01\/15\/emprestado-pelo-america-mg-atacante-vitinho-chega-ao-tupi\/"},"modified":"2018-01-15T21:25:23","modified_gmt":"2018-01-15T23:25:23","slug":"emprestado-pelo-america-mg-atacante-vitinho-chega-ao-tupi","status":"publish","type":"post","link":"https:\/\/diarioregionaldigital.com.br\/?p=89620","title":{"rendered":"Emprestado pelo Am\u00e9rica-MG atacante Vitinho chega ao Tupi"},"content":{"rendered":"<p>O atacante Vitinho, 21 anos, chegou ao clube na sexta-feira, 13, emprestado pelo Am\u00e9rica-MG e j\u00e1 realizou atividades f\u00edsicas com o grupo no campo de Santa Terezinha.&nbsp; O atleta assina contrato com a equipe juiz-forana at\u00e9 junho no final do Campeonato Mineiro.<\/p>\n<p>&nbsp;O jogador, revelado pelo Am\u00e9rica-MG, tamb\u00e9m atuou pelo Guarani de Divin\u00f3polis, clube que defendeu em 2017 na disputa do M\u00f3dulo II do Estadual. Ele passou o segundo semestre no Zlat\u00e9 Moravce, da Eslov\u00e1quia.<\/p>\n<p>O time de Juiz de Fora estreia no Campeonato Mineiro na pr\u00f3xima quarta-feira, 17, \u00e0s 21h45, contra o Cruzeiro, no Mineir\u00e3o.<\/p>\n","protected":false},"excerpt":{"rendered":"<p>O atacante Vitinho, 21 anos, chegou ao clube na sexta-feira, 13, emprestado pelo Am\u00e9rica-MG e j\u00e1 realizou atividades f\u00edsicas com o grupo no campo de Santa Terezinha.&nbsp; O atleta assina contrato com a equipe juiz-forana at\u00e9 junho no final do Campeonato Mineiro. &nbsp;O jogador, revelado pelo Am\u00e9rica-MG, tamb\u00e9m atuou pelo Guarani de Divin\u00f3polis, clube que [&hellip;]<\/p>\n","protected":false},"author":96,"featured_media":89619,"comment_status":"closed","ping_status":"closed","sticky":false,"template":"","format":"standard","meta":{"footnotes":""},"categories":[257],"tags":[],"class_list":["post-89620","post","type-post","status-publish","format-standard","has-post-thumbnail","hentry","category-esporte"],"_links":{"self":[{"href":"https:\/\/diarioregionaldigital.com.br\/index.php?rest_route=\/wp\/v2\/posts\/89620","targetHints":{"allow":["GET"]}}],"collection":[{"href":"https:\/\/diarioregionaldigital.com.br\/index.php?rest_route=\/wp\/v2\/posts"}],"about":[{"href":"https:\/\/diarioregionaldigital.com.br\/index.php?rest_route=\/wp\/v2\/types\/post"}],"author":[{"embeddable":true,"href":"https:\/\/diarioregionaldigital.com.br\/index.php?rest_route=\/wp\/v2\/users\/96"}],"replies":[{"embeddable":true,"href":"https:\/\/diarioregionaldigital.com.br\/index.php?rest_route=%2Fwp%2Fv2%2Fcomments&post=89620"}],"version-history":[{"count":0,"href":"https:\/\/diarioregionaldigital.com.br\/index.php?rest_route=\/wp\/v2\/posts\/89620\/revisions"}],"wp:featuredmedia":[{"embeddable":true,"href":"https:\/\/diarioregionaldigital.com.br\/index.php?rest_route=\/wp\/v2\/media\/89619"}],"wp:attachment":[{"href":"https:\/\/diarioregionaldigital.com.br\/index.php?rest_route=%2Fwp%2Fv2%2Fmedia&parent=89620"}],"wp:term":[{"taxonomy":"category","embeddable":true,"href":"https:\/\/diarioregionaldigital.com.br\/index.php?rest_route=%2Fwp%2Fv2%2Fcategories&post=89620"},{"taxonomy":"post_tag","embeddable":true,"href":"https:\/\/diarioregionaldigital.com.br\/index.php?rest_route=%2Fwp%2Fv2%2Ftags&post=89620"}],"curies":[{"name":"wp","href":"https:\/\/api.w.org\/{rel}","templated":true}]}}