{"id":89618,"date":"2018-01-15T21:21:06","date_gmt":"2018-01-15T23:21:06","guid":{"rendered":"http:\/\/diarioregionaljf.com.br\/2018\/01\/15\/com-proposta-feita-por-diretor-do-baeta-fmf-realiza-palestras-sobre-arbitragem-nos-clubes\/"},"modified":"2018-01-15T21:21:06","modified_gmt":"2018-01-15T23:21:06","slug":"com-proposta-feita-por-diretor-do-baeta-fmf-realiza-palestras-sobre-arbitragem-nos-clubes","status":"publish","type":"post","link":"https:\/\/diarioregionaldigital.com.br\/?p=89618","title":{"rendered":"Com proposta feita por diretor do Baeta FMF realiza palestras sobre arbitragem nos Clubes"},"content":{"rendered":"<p>E por que n\u00e3o um papo entre \u00e1rbitro, comiss\u00e3o t\u00e9cnica e jogadores sobre os principais fundamentos e a conduta em campo de jogo? Esta foi a proposta feita pelo diretor de futebol do Villa Nova e do Tupynamb\u00e1s, Alberto Sim\u00e3o, para a pr\u00e9-temporada dos seus jogadores, seguida por Atl\u00e9tico, Am\u00e9rica e Cruzeiro, que tamb\u00e9m solicitaram da FMF uma agenda com o mesmo pedido do Le\u00e3o.<\/p>\n<p>&nbsp;&nbsp;&nbsp;&nbsp;&nbsp;&nbsp;&nbsp;&nbsp;&nbsp;&nbsp;&nbsp;&nbsp;&nbsp;&nbsp;&nbsp;&nbsp;&nbsp;&nbsp;&nbsp;&nbsp;&nbsp;&nbsp;&nbsp;&nbsp;&nbsp;&nbsp;&nbsp;<\/p>\n<p>Na tarde desta segunda-feira, 15, o diretor Sim\u00e3o, o t\u00e9cnico Ito Roque e o elenco do Villa Nova receberam o presidente da Comiss\u00e3o Estadual, Giulliano Bozzano, para uma palestra no Al\u00e7ap\u00e3o do Bonfim. Bozzano apresentou alguns lances passivos de pol\u00eamicas e orientou os jogadores.<\/p>\n<p>&#8220;Federa\u00e7\u00f5es, clubes e arbitragem s\u00e3o interdependentes. Quanto mais todos souberam a regra do jogo, mais dinamismo ter\u00e1 a partida e mais tranquilidade ter\u00e3o os \u00e1rbitros&#8221; garantiu Giulliano.<\/p>\n<p>Alberto Sim\u00e3o assumiu a diretoria do Villa Nova em mar\u00e7o do ano passado. Ele tem passagens em outros clubes mineiros, \u00e9 um estudioso do futebol e j\u00e1 acumulou bastante conhecimento sobre os caminhos de uma boa temporada dentro do Campeonato Mineiro.<\/p>\n<p>&#8220;Qualquer diferen\u00e7a pode ser ben\u00e9fica ao Clube. Tentamos cercar o m\u00e1ximo de detalhes poss\u00edveis em um ano t\u00e3o importante para o Villa Nova. Temos obriga\u00e7\u00e3o de desenvolver um bom trabalho para retomarmos o calend\u00e1rio do Clube. Investimos em diversas \u00e1reas como fisiologia, nutri\u00e7\u00e3o, e a arbitragem faz parte desde contexto. Sabemos da import\u00e2ncia da arbitragem, da evolu\u00e7\u00e3o das novas regras e da melhora do quadro estadual. Se evolu\u00edram, v\u00e3o nos cobrar. Por isso convidei o Giulliano&#8221;, afirmou Sim\u00f5es.<\/p>\n<p>Tamb\u00e9m na tarde desta segunda-feira., 15, o \u00e1rbitro Igor Benevenuto esteve na Toca I falando aos atletas e comiss\u00e3o t\u00e9cnica do Cruzeiro. Amanh\u00e3, ser\u00e1 a vez dos jogadores do Am\u00e9rica, no CT Lana Drummond. Na \u00faltima sexta-feira&nbsp;, 12, Ricardo Marques Ribeiro esteve na Cidade do Galo.<\/p>\n<p>&nbsp;<\/p>\n<p><strong>Fonte: Federa\u00e7\u00e3o Mineira de Futebol&nbsp;<\/strong><\/p>\n","protected":false},"excerpt":{"rendered":"<p>E por que n\u00e3o um papo entre \u00e1rbitro, comiss\u00e3o t\u00e9cnica e jogadores sobre os principais fundamentos e a conduta em campo de jogo? Esta foi a proposta feita pelo diretor de futebol do Villa Nova e do Tupynamb\u00e1s, Alberto Sim\u00e3o, para a pr\u00e9-temporada dos seus jogadores, seguida por Atl\u00e9tico, Am\u00e9rica e Cruzeiro, que tamb\u00e9m solicitaram [&hellip;]<\/p>\n","protected":false},"author":96,"featured_media":89617,"comment_status":"closed","ping_status":"closed","sticky":false,"template":"","format":"standard","meta":{"footnotes":""},"categories":[257],"tags":[],"class_list":["post-89618","post","type-post","status-publish","format-standard","has-post-thumbnail","hentry","category-esporte"],"_links":{"self":[{"href":"https:\/\/diarioregionaldigital.com.br\/index.php?rest_route=\/wp\/v2\/posts\/89618","targetHints":{"allow":["GET"]}}],"collection":[{"href":"https:\/\/diarioregionaldigital.com.br\/index.php?rest_route=\/wp\/v2\/posts"}],"about":[{"href":"https:\/\/diarioregionaldigital.com.br\/index.php?rest_route=\/wp\/v2\/types\/post"}],"author":[{"embeddable":true,"href":"https:\/\/diarioregionaldigital.com.br\/index.php?rest_route=\/wp\/v2\/users\/96"}],"replies":[{"embeddable":true,"href":"https:\/\/diarioregionaldigital.com.br\/index.php?rest_route=%2Fwp%2Fv2%2Fcomments&post=89618"}],"version-history":[{"count":0,"href":"https:\/\/diarioregionaldigital.com.br\/index.php?rest_route=\/wp\/v2\/posts\/89618\/revisions"}],"wp:featuredmedia":[{"embeddable":true,"href":"https:\/\/diarioregionaldigital.com.br\/index.php?rest_route=\/wp\/v2\/media\/89617"}],"wp:attachment":[{"href":"https:\/\/diarioregionaldigital.com.br\/index.php?rest_route=%2Fwp%2Fv2%2Fmedia&parent=89618"}],"wp:term":[{"taxonomy":"category","embeddable":true,"href":"https:\/\/diarioregionaldigital.com.br\/index.php?rest_route=%2Fwp%2Fv2%2Fcategories&post=89618"},{"taxonomy":"post_tag","embeddable":true,"href":"https:\/\/diarioregionaldigital.com.br\/index.php?rest_route=%2Fwp%2Fv2%2Ftags&post=89618"}],"curies":[{"name":"wp","href":"https:\/\/api.w.org\/{rel}","templated":true}]}}