{"id":89616,"date":"2018-01-15T21:18:58","date_gmt":"2018-01-15T23:18:58","guid":{"rendered":"http:\/\/diarioregionaljf.com.br\/2018\/01\/15\/jf-volei-perde-em-casa-para-adversario-direto-na-classificacao-da-superliga\/"},"modified":"2018-01-15T21:18:58","modified_gmt":"2018-01-15T23:18:58","slug":"jf-volei-perde-em-casa-para-adversario-direto-na-classificacao-da-superliga","status":"publish","type":"post","link":"https:\/\/diarioregionaldigital.com.br\/?p=89616","title":{"rendered":"JF V\u00f4lei perde em casa para advers\u00e1rio direto na classifica\u00e7\u00e3o da Superliga"},"content":{"rendered":"<p>Faltando nove rodadas para o fim da fase de classifica\u00e7\u00e3o, a situa\u00e7\u00e3o da equipe de V\u00f4lei de Juiz de Fora ficou mais complicada. Na noite de s\u00e1bado, 13, jogando em casa, no Gin\u00e1sio da UFJF, o JF V\u00f4lei sofreu uma derrota por 3 sets a 1 com parciais de: (23\/25, 20\/25, 25\/20 e 23\/25), para o rival direto contra o rebaixamento, o &nbsp;Montes Claros.<\/p>\n<p>De acordo com o regulamento, os dez primeiros colocados ao final do returno estar\u00e3o garantidos na elite na temporada 2018\/19. Assim, o&nbsp;JF V\u00f4lei precisa reagir nas nove rodadas restantes do segundo turno para assegurar a perman\u00eancia entre as 12 melhores equipes do Brasil.<\/p>\n<p>A diferen\u00e7a entre as duas equipes, que poderia cair para um ponto, aumentou para sete.&nbsp;nona coloca\u00e7\u00e3o \u2013 Ponta Grossa\/Caramuru \u00e9 o d\u00e9cimo, JF est\u00e1 em pen\u00faltimo, com quatro pontos, e Maring\u00e1 soma apenas dois, na lanterna da competi\u00e7\u00e3o.<\/p>\n<p>Em entrevista coletiva ap\u00f3s a partida o t\u00e9cnico Henrique Furtado comentou que foi uma partida dif\u00edcil que e que n\u00e3o faltou foco, mas que tiveram problema com o ataque: \u201cFoi um jogo muito dif\u00edcil, um time que contra n\u00f3s joga muito bem. Tivemos bons momentos, lamento pelo ataque n\u00e3o fizemos, um ataque t\u00e3o bem quanto poder\u00edamos fazer, trabalhamos com perfei\u00e7\u00e3o na recep\u00e7\u00e3o, mas deixamos a desejar no ataque. Sobrou vontade, sobrou foco. Pretendo trabalhar o ataque, temos que saber lidar de &nbsp;forma serena e trabalhar muito, focar muito no que devemos melhorar e buscar na pr\u00f3xima partida, \u00e9 poss\u00edvel, \u00e9 um n\u00edvel muito alto de competi\u00e7\u00e3o, mas vamos batalhar a cada dia para buscar vitorias e tirar o time dessa situa\u00e7\u00e3o,\u201d contou.<\/p>\n<p>O JF V\u00f4lei volta \u00e0 quadra em Campinas, no dia 20, s\u00e1bado, novamente \u00e0s 18h, diante do V\u00f4lei Renata.<\/p>\n","protected":false},"excerpt":{"rendered":"<p>Faltando nove rodadas para o fim da fase de classifica\u00e7\u00e3o, a situa\u00e7\u00e3o da equipe de V\u00f4lei de Juiz de Fora ficou mais complicada. Na noite de s\u00e1bado, 13, jogando em casa, no Gin\u00e1sio da UFJF, o JF V\u00f4lei sofreu uma derrota por 3 sets a 1 com parciais de: (23\/25, 20\/25, 25\/20 e 23\/25), para [&hellip;]<\/p>\n","protected":false},"author":96,"featured_media":89615,"comment_status":"closed","ping_status":"closed","sticky":false,"template":"","format":"standard","meta":{"footnotes":""},"categories":[257],"tags":[],"class_list":["post-89616","post","type-post","status-publish","format-standard","has-post-thumbnail","hentry","category-esporte"],"_links":{"self":[{"href":"https:\/\/diarioregionaldigital.com.br\/index.php?rest_route=\/wp\/v2\/posts\/89616","targetHints":{"allow":["GET"]}}],"collection":[{"href":"https:\/\/diarioregionaldigital.com.br\/index.php?rest_route=\/wp\/v2\/posts"}],"about":[{"href":"https:\/\/diarioregionaldigital.com.br\/index.php?rest_route=\/wp\/v2\/types\/post"}],"author":[{"embeddable":true,"href":"https:\/\/diarioregionaldigital.com.br\/index.php?rest_route=\/wp\/v2\/users\/96"}],"replies":[{"embeddable":true,"href":"https:\/\/diarioregionaldigital.com.br\/index.php?rest_route=%2Fwp%2Fv2%2Fcomments&post=89616"}],"version-history":[{"count":0,"href":"https:\/\/diarioregionaldigital.com.br\/index.php?rest_route=\/wp\/v2\/posts\/89616\/revisions"}],"wp:featuredmedia":[{"embeddable":true,"href":"https:\/\/diarioregionaldigital.com.br\/index.php?rest_route=\/wp\/v2\/media\/89615"}],"wp:attachment":[{"href":"https:\/\/diarioregionaldigital.com.br\/index.php?rest_route=%2Fwp%2Fv2%2Fmedia&parent=89616"}],"wp:term":[{"taxonomy":"category","embeddable":true,"href":"https:\/\/diarioregionaldigital.com.br\/index.php?rest_route=%2Fwp%2Fv2%2Fcategories&post=89616"},{"taxonomy":"post_tag","embeddable":true,"href":"https:\/\/diarioregionaldigital.com.br\/index.php?rest_route=%2Fwp%2Fv2%2Ftags&post=89616"}],"curies":[{"name":"wp","href":"https:\/\/api.w.org\/{rel}","templated":true}]}}