{"id":89614,"date":"2018-01-15T21:16:55","date_gmt":"2018-01-15T23:16:55","guid":{"rendered":"http:\/\/diarioregionaljf.com.br\/2018\/01\/15\/galo-carijo-apresenta-o-novo-uniforme-e-parceiros-para-a-temporada-2018\/"},"modified":"2018-01-15T21:16:55","modified_gmt":"2018-01-15T23:16:55","slug":"galo-carijo-apresenta-o-novo-uniforme-e-parceiros-para-a-temporada-2018","status":"publish","type":"post","link":"https:\/\/diarioregionaldigital.com.br\/?p=89614","title":{"rendered":"Galo Carij\u00f3 apresenta o novo uniforme e parceiros  para a temporada 2018"},"content":{"rendered":"<p>O Tupi apresentou na manh\u00e3 desta segunda-feira, 15, o novo uniforme do clube. Em evento em uma concession\u00e1ria da cidade, o Galo Carij\u00f3 tamb\u00e9m apresentou os jogadores contratados recentemente para o elenco. Tch\u00f4 chega ap\u00f3s passagem em 2017 pelo Villa Nova. Vitinho acertou por empr\u00e9stimo vindo do Am\u00e9rica-MG, enquanto Georgemy, que volta do futebol de Portugal, rescendiu com o Cruzeiro, seu clube formador, e assinou em definitivo com o Alvinegro.<\/p>\n<p>Durante a apresenta\u00e7\u00e3o, o diretor de futebol, Nicanor Pires, afirmou que o clube entra no Estadual com o planejamento de chegar \u00e0 semifinal. O objetivo \u00e9 conquistar uma das vagas para a Copa do Brasil de 2019 e se preparar tamb\u00e9m para a disputa da S\u00e9rie C.<\/p>\n<p>Quatro jogos do Tupi pelo Campeonato Mineiro sofreram altera\u00e7\u00f5es, j\u00e1 publicadas no site da Federa\u00e7\u00e3o Mineira. A entidade atendeu a solicita\u00e7\u00e3o do clube juiz-forano e passou de 16h para 17h os tr\u00eas primeiros compromissos da equipe diante do torcedor, em fun\u00e7\u00e3o do hor\u00e1rio de ver\u00e3o.&nbsp;<\/p>\n<p>&nbsp; &nbsp;J\u00e1 a quarta modifica\u00e7\u00e3o \u00e9 um ajuste de datas. O confronto entre Tupi e Atl\u00e9tico passou de 24 para 25 de fevereiro. O Galo de BH ser\u00e1 o \u00fanico advers\u00e1rio, dos tr\u00eas da capital, a atuar em Juiz de Fora na fase de classifica\u00e7\u00e3o do Campeonato Estadual.<\/p>\n","protected":false},"excerpt":{"rendered":"<p>O Tupi apresentou na manh\u00e3 desta segunda-feira, 15, o novo uniforme do clube. Em evento em uma concession\u00e1ria da cidade, o Galo Carij\u00f3 tamb\u00e9m apresentou os jogadores contratados recentemente para o elenco. Tch\u00f4 chega ap\u00f3s passagem em 2017 pelo Villa Nova. Vitinho acertou por empr\u00e9stimo vindo do Am\u00e9rica-MG, enquanto Georgemy, que volta do futebol de [&hellip;]<\/p>\n","protected":false},"author":96,"featured_media":89613,"comment_status":"closed","ping_status":"closed","sticky":false,"template":"","format":"standard","meta":{"footnotes":""},"categories":[257],"tags":[],"class_list":["post-89614","post","type-post","status-publish","format-standard","has-post-thumbnail","hentry","category-esporte"],"_links":{"self":[{"href":"https:\/\/diarioregionaldigital.com.br\/index.php?rest_route=\/wp\/v2\/posts\/89614","targetHints":{"allow":["GET"]}}],"collection":[{"href":"https:\/\/diarioregionaldigital.com.br\/index.php?rest_route=\/wp\/v2\/posts"}],"about":[{"href":"https:\/\/diarioregionaldigital.com.br\/index.php?rest_route=\/wp\/v2\/types\/post"}],"author":[{"embeddable":true,"href":"https:\/\/diarioregionaldigital.com.br\/index.php?rest_route=\/wp\/v2\/users\/96"}],"replies":[{"embeddable":true,"href":"https:\/\/diarioregionaldigital.com.br\/index.php?rest_route=%2Fwp%2Fv2%2Fcomments&post=89614"}],"version-history":[{"count":0,"href":"https:\/\/diarioregionaldigital.com.br\/index.php?rest_route=\/wp\/v2\/posts\/89614\/revisions"}],"wp:featuredmedia":[{"embeddable":true,"href":"https:\/\/diarioregionaldigital.com.br\/index.php?rest_route=\/wp\/v2\/media\/89613"}],"wp:attachment":[{"href":"https:\/\/diarioregionaldigital.com.br\/index.php?rest_route=%2Fwp%2Fv2%2Fmedia&parent=89614"}],"wp:term":[{"taxonomy":"category","embeddable":true,"href":"https:\/\/diarioregionaldigital.com.br\/index.php?rest_route=%2Fwp%2Fv2%2Fcategories&post=89614"},{"taxonomy":"post_tag","embeddable":true,"href":"https:\/\/diarioregionaldigital.com.br\/index.php?rest_route=%2Fwp%2Fv2%2Ftags&post=89614"}],"curies":[{"name":"wp","href":"https:\/\/api.w.org\/{rel}","templated":true}]}}