{"id":89612,"date":"2018-01-15T20:46:42","date_gmt":"2018-01-15T22:46:42","guid":{"rendered":"http:\/\/diarioregionaljf.com.br\/2018\/01\/15\/agradecimento\/"},"modified":"2018-08-13T20:34:34","modified_gmt":"2018-08-13T23:34:34","slug":"agradecimento","status":"publish","type":"post","link":"https:\/\/diarioregionaldigital.com.br\/?p=89612","title":{"rendered":"Agradecimento"},"content":{"rendered":"<p style=\"text-align: center;\">O Instituto Mineiro de Estudos e Pesquisas em Nefrologia(Imepen) agradece ao Grupo de Empresariados que fez a doa\u00e7\u00e3o de um carro 0 km a institui\u00e7\u00e3o no ano de 2017. Nosso diretor Dr\u00b0 Marcus Gomes Bastos recebeu a concess\u00e3o em um coquetel junto a outras entidades contempladas. Ressaltamos a import\u00e2ncia de a\u00e7\u00f5es sociais como essa para que a Funda\u00e7\u00e3o siga realizando o bom trabalho que tem feito ao longo desses 30 anos em prol da sociedade.<\/p>\n<\/p>\n<p><img decoding=\"async\" class=\" size-full wp-image-89611\" src=\"http:\/\/diarioregionaljf.com.br\/wp-content\/uploads\/2018\/01\/diario-int-23119-2.jpeg\" alt=\"foto2.jpeg\" width=\"680\" style=\"display: block; margin-left: auto; margin-right: auto;\" srcset=\"https:\/\/diarioregionaldigital.com.br\/wp-content\/uploads\/2018\/01\/diario-int-23119-2.jpeg 680w, https:\/\/diarioregionaldigital.com.br\/wp-content\/uploads\/2018\/01\/diario-int-23119-2-300x197.jpeg 300w, https:\/\/diarioregionaldigital.com.br\/wp-content\/uploads\/2018\/01\/diario-int-23119-2-360x237.jpeg 360w\" sizes=\"(max-width: 680px) 100vw, 680px\" \/><\/p>\n","protected":false},"excerpt":{"rendered":"<p>O Instituto Mineiro de Estudos e Pesquisas em Nefrologia(Imepen) agradece ao Grupo de Empresariados que fez a doa\u00e7\u00e3o de um carro 0 km a institui\u00e7\u00e3o no ano de 2017. Nosso diretor Dr\u00b0 Marcus Gomes Bastos recebeu a concess\u00e3o em um coquetel junto a outras entidades contempladas. Ressaltamos a import\u00e2ncia de a\u00e7\u00f5es sociais como essa para [&hellip;]<\/p>\n","protected":false},"author":96,"featured_media":89610,"comment_status":"closed","ping_status":"closed","sticky":false,"template":"","format":"standard","meta":{"footnotes":""},"categories":[307],"tags":[],"class_list":["post-89612","post","type-post","status-publish","format-standard","has-post-thumbnail","hentry","category-editais"],"_links":{"self":[{"href":"https:\/\/diarioregionaldigital.com.br\/index.php?rest_route=\/wp\/v2\/posts\/89612","targetHints":{"allow":["GET"]}}],"collection":[{"href":"https:\/\/diarioregionaldigital.com.br\/index.php?rest_route=\/wp\/v2\/posts"}],"about":[{"href":"https:\/\/diarioregionaldigital.com.br\/index.php?rest_route=\/wp\/v2\/types\/post"}],"author":[{"embeddable":true,"href":"https:\/\/diarioregionaldigital.com.br\/index.php?rest_route=\/wp\/v2\/users\/96"}],"replies":[{"embeddable":true,"href":"https:\/\/diarioregionaldigital.com.br\/index.php?rest_route=%2Fwp%2Fv2%2Fcomments&post=89612"}],"version-history":[{"count":0,"href":"https:\/\/diarioregionaldigital.com.br\/index.php?rest_route=\/wp\/v2\/posts\/89612\/revisions"}],"wp:featuredmedia":[{"embeddable":true,"href":"https:\/\/diarioregionaldigital.com.br\/index.php?rest_route=\/wp\/v2\/media\/89610"}],"wp:attachment":[{"href":"https:\/\/diarioregionaldigital.com.br\/index.php?rest_route=%2Fwp%2Fv2%2Fmedia&parent=89612"}],"wp:term":[{"taxonomy":"category","embeddable":true,"href":"https:\/\/diarioregionaldigital.com.br\/index.php?rest_route=%2Fwp%2Fv2%2Fcategories&post=89612"},{"taxonomy":"post_tag","embeddable":true,"href":"https:\/\/diarioregionaldigital.com.br\/index.php?rest_route=%2Fwp%2Fv2%2Ftags&post=89612"}],"curies":[{"name":"wp","href":"https:\/\/api.w.org\/{rel}","templated":true}]}}