{"id":89609,"date":"2018-01-15T20:44:53","date_gmt":"2018-01-15T22:44:53","guid":{"rendered":"http:\/\/diarioregionaljf.com.br\/2018\/01\/15\/exames-confirmam-tres-casos-de-mortes-de-macacos-por-febre-amarela-em-juiz-de-fora\/"},"modified":"2018-01-15T20:44:53","modified_gmt":"2018-01-15T22:44:53","slug":"exames-confirmam-tres-casos-de-mortes-de-macacos-por-febre-amarela-em-juiz-de-fora","status":"publish","type":"post","link":"https:\/\/diarioregionaldigital.com.br\/?p=89609","title":{"rendered":"Exames confirmam tr\u00eas casos de mortes de macacos por febre amarela em Juiz de Fora"},"content":{"rendered":"<p>Tr\u00eas exames laboratoriais de amostras de macacos encontrados mortos na cidade apontam febre amarela como causa da morte dos primatas. Os casos positivos s\u00e3o dos animais encontrados no Museu Mariano Proc\u00f3pio e em Palmital, no in\u00edcio do ano, e no bairro Previdenci\u00e1rios, zona Sul, no ano passado.<\/p>\n<p>Diante do resultado, o Museu permanecer\u00e1 fechado por 60 dias, at\u00e9 in\u00edcio de mar\u00e7o, quando o Departamento de Vigil\u00e2ncia Epidemiol\u00f3gica far\u00e1 nova avalia\u00e7\u00e3o. \u201cN\u00e3o h\u00e1 necessidade de a\u00e7\u00f5es extras devido aos trabalhos de controle j\u00e1 executados nos locais imediatamente ap\u00f3s o registro das mortes\u201d informou em nota a Secretaria de Sa\u00fade (SS) da Prefeitura de Juiz de Fora (PJF).<\/p>\n<p>Desde o ano passado, o Departamento de Vigil\u00e2ncia Epidemiol\u00f3gica da Subsecretaria de Vigil\u00e2ncia em Sa\u00fade vem atuando no monitoramento da doen\u00e7a e antecipando os protocolos de a\u00e7\u00f5es preventivas, visando o bloqueio da cidade e a prote\u00e7\u00e3o da popula\u00e7\u00e3o. O setor intensificou suas a\u00e7\u00f5es no final de outubro de 2017, quando novos casos de epizootias come\u00e7aram a surgir. \u201cNo entanto, a cobertura vacinal \u00e9 a forma mais efetiva de prote\u00e7\u00e3o. Portanto, \u00e9 fundamental que aqueles que nunca tomaram nenhuma dose da vacina procurem os postos de vacina\u00e7\u00e3o para se imunizarem\u201d, ressaltou a pasta.<\/p>\n<h4>POSTOS EXTRAS DE VACINA\u00c7\u00c3O<\/h4>\n<p>A cobertura vacinal para a febre amarela no munic\u00edpio est\u00e1 estimada em 89,85%. Para aumentar o n\u00famero de pessoas vacinadas, a SS abriu cinco postos extras e, entre o dia 4 de janeiro e o \u00faltimo s\u00e1bado, 13, imunizou 2.675 pessoas, com idades que variam entre 9 meses e 59 anos.<\/p>\n<p>Al\u00e9m de intensificar a vacina\u00e7\u00e3o, a Secretaria tamb\u00e9m vem adotando bloqueios nas \u00e1reas urbanas onde primatas foram encontrados mortos, antecipando as a\u00e7\u00f5es previstas em casos de amostras positivas para doen\u00e7a e seguindo as orienta\u00e7\u00f5es definidas em protocolo da Secretaria de Estado de Sa\u00fade (SES) e do Minist\u00e9rio da Sa\u00fade.<\/p>\n<p>\u201cA aplica\u00e7\u00e3o de inseticida j\u00e1 foi realizada nos bairros Mariano Proc\u00f3pio, Previdenci\u00e1rios e Vitorino Braga, al\u00e9m da Universidade Federal de Juiz de Fora (UFJF). Na \u00e1rea rural, a Subsecretaria de Vigil\u00e2ncia em Sa\u00fade j\u00e1 havia intensificado as a\u00e7\u00f5es de bloqueio e busca ativa de vacina\u00e7\u00e3o em novembro e dezembro de 2017 nas 14 regi\u00f5es\u201d, afirmou a SS.<\/p>\n<p>Nessa segunda-feira, 15, dois macacos, uma m\u00e3e e um filhote, foram encontrados mortos no bairro Linhares, zona Leste. Ao todo, em 2018, nove animais foram encontrados, dois no Museu Mariano Proc\u00f3pio, sendo um atropelado, e outro na UFJF, que tamb\u00e9m foi atingido por um ve\u00edculo. Ainda foram encontrados animais nos bairros Vitorino Braga, Retiro, no distrito de Ros\u00e1rio de Minas e em Palmital. \u201cForam enviadas seis amostras para an\u00e1lise junto \u00e0 Funda\u00e7\u00e3o \u201cEzequiel Dias\u201d (Funed), em Belo Horizonte. As demais foram descartadas devido ao estado avan\u00e7ado de decomposi\u00e7\u00e3o em que os animais foram encontrados\u201d, finalizou o comunicado.<\/p>\n<h4>CONFIRA A TABELA DE MACACOS ENCONTRADOS DESDE OUTUBRO DE 2017<\/h4>\n<table>\n<tbody>\n<tr>\n<td style=\"width: 192px; text-align: center;\">\n<p><strong>Local<\/strong><\/p>\n<\/td>\n<td style=\"width: 192px; text-align: center;\">\n<p><strong>Data<\/strong><\/p>\n<\/td>\n<td style=\"width: 192px; text-align: center;\">\n<p><strong>Resultado<\/strong><\/p>\n<\/td>\n<\/tr>\n<tr>\n<td style=\"width: 192px; text-align: center;\">\n<p>UFJF<\/p>\n<\/td>\n<td style=\"width: 192px; text-align: center;\">\n<p>31\/10\/17<\/p>\n<\/td>\n<td style=\"width: 192px; text-align: center;\">\n<p>N\u00e3o reagente<\/p>\n<\/td>\n<\/tr>\n<tr>\n<td style=\"width: 192px; text-align: center;\">\n<p>Nova Era<\/p>\n<\/td>\n<td style=\"width: 192px; text-align: center;\">\n<p>13\/11\/17<\/p>\n<\/td>\n<td style=\"width: 192px; text-align: center;\">\n<p>Animal descartado<\/p>\n<\/td>\n<\/tr>\n<tr>\n<td style=\"width: 192px; text-align: center;\">\n<p>Nova Era<\/p>\n<\/td>\n<td style=\"width: 192px; text-align: center;\">\n<p>13\/11\/17<\/p>\n<\/td>\n<td style=\"width: 192px; text-align: center;\">\n<p>N\u00e3o detect\u00e1vel<\/p>\n<\/td>\n<\/tr>\n<tr>\n<td style=\"width: 192px; text-align: center;\">\n<p>Aeroporto<\/p>\n<\/td>\n<td style=\"width: 192px; text-align: center;\">\n<p>16\/11\/17<\/p>\n<\/td>\n<td style=\"width: 192px; text-align: center;\">\n<p>N\u00e3o detect\u00e1vel<\/p>\n<\/td>\n<\/tr>\n<tr>\n<td style=\"width: 192px; text-align: center;\">\n<p>Francisco Bernardino<\/p>\n<\/td>\n<td style=\"width: 192px; text-align: center;\">\n<p>16\/11\/17<\/p>\n<\/td>\n<td style=\"width: 192px; text-align: center;\">\n<p>Em investiga\u00e7\u00e3o<\/p>\n<\/td>\n<\/tr>\n<tr>\n<td style=\"width: 192px; text-align: center;\">\n<p>Graminha<\/p>\n<\/td>\n<td style=\"width: 192px; text-align: center;\">\n<p>06\/12\/17<\/p>\n<\/td>\n<td style=\"width: 192px; text-align: center;\">\n<p>N\u00e3o processado<\/p>\n<\/td>\n<\/tr>\n<tr>\n<td style=\"width: 192px; text-align: center;\">\n<p>Graminha<\/p>\n<\/td>\n<td style=\"width: 192px; text-align: center;\">\n<p>06\/12\/17<\/p>\n<\/td>\n<td style=\"width: 192px; text-align: center;\">\n<p>N\u00e3o detect\u00e1vel<\/p>\n<\/td>\n<\/tr>\n<tr>\n<td style=\"width: 192px; text-align: center;\">\n<p>Bom Pastor<\/p>\n<\/td>\n<td style=\"width: 192px; text-align: center;\">\n<p>07\/12\/17<\/p>\n<\/td>\n<td style=\"width: 192px; text-align: center;\">\n<p>N\u00e3o reagente<\/p>\n<\/td>\n<\/tr>\n<tr>\n<td style=\"width: 192px; text-align: center;\">\n<p>Previdenci\u00e1rios<\/p>\n<\/td>\n<td style=\"width: 192px; text-align: center;\">\n<p>13\/12\/17<\/p>\n<\/td>\n<td style=\"width: 192px; text-align: center;\">\n<p>Positivo<\/p>\n<\/td>\n<\/tr>\n<tr>\n<td style=\"width: 192px; text-align: center;\">\n<p>Museu Mariano Proc\u00f3pio<\/p>\n<\/td>\n<td style=\"width: 192px; text-align: center;\">\n<p>03\/01\/18<\/p>\n<\/td>\n<td style=\"width: 192px; text-align: center;\">\n<p>Positivo<\/p>\n<\/td>\n<\/tr>\n<tr>\n<td style=\"width: 192px; text-align: center;\">\n<p>Vitorino Braga<\/p>\n<\/td>\n<td style=\"width: 192px; text-align: center;\">\n<p>06\/01\/18<\/p>\n<\/td>\n<td style=\"width: 192px; text-align: center;\">\n<p>Animal descartado<\/p>\n<\/td>\n<\/tr>\n<tr>\n<td style=\"width: 192px; text-align: center;\">\n<p>Palmital<\/p>\n<\/td>\n<td style=\"width: 192px; text-align: center;\">\n<p>08\/01\/18<\/p>\n<\/td>\n<td style=\"width: 192px; text-align: center;\">\n<p>Positivo<\/p>\n<\/td>\n<\/tr>\n<tr>\n<td style=\"width: 192px; text-align: center;\">\n<p>Ros\u00e1rio de Minas<\/p>\n<\/td>\n<td style=\"width: 192px; text-align: center;\">\n<p>08\/01\/18<\/p>\n<\/td>\n<td style=\"width: 192px; text-align: center;\">\n<p>Animal descartado<\/p>\n<\/td>\n<\/tr>\n<tr>\n<td style=\"width: 192px; text-align: center;\">\n<p>UFJF<\/p>\n<\/td>\n<td style=\"width: 192px; text-align: center;\">\n<p>10\/01\/18<\/p>\n<\/td>\n<td style=\"width: 192px; text-align: center;\">\n<p>Em investiga\u00e7\u00e3o<\/p>\n<\/td>\n<\/tr>\n<tr>\n<td style=\"width: 192px; text-align: center;\">\n<p>Museu Mariano Proc\u00f3pio<\/p>\n<\/td>\n<td style=\"width: 192px; text-align: center;\">\n<p>11\/01\/18<\/p>\n<\/td>\n<td style=\"width: 192px; text-align: center;\">\n<p>Em investiga\u00e7\u00e3o<\/p>\n<\/td>\n<\/tr>\n<tr>\n<td style=\"width: 192px; text-align: center;\">\n<p>Retiro, estrada Caet\u00e9<\/p>\n<\/td>\n<td style=\"width: 192px; text-align: center;\">\n<p>12\/01\/18<\/p>\n<\/td>\n<td style=\"width: 192px; text-align: center;\">\n<p>Em investiga\u00e7\u00e3o<\/p>\n<\/td>\n<\/tr>\n<tr>\n<td style=\"width: 192px; text-align: center;\">\n<p>Linhares<\/p>\n<\/td>\n<td style=\"width: 192px; text-align: center;\">\n<p>15\/01\/18<\/p>\n<\/td>\n<td style=\"width: 192px; text-align: center;\">\n<p>Em investiga\u00e7\u00e3o<\/p>\n<\/td>\n<\/tr>\n<tr>\n<td style=\"width: 192px; text-align: center;\">\n<p>Linhares<\/p>\n<\/td>\n<td style=\"width: 192px; text-align: center;\">\n<p>15\/01\/18<\/p>\n<\/td>\n<td style=\"width: 192px; text-align: center;\">\n<p>Em investiga\u00e7\u00e3o<\/p>\n<\/td>\n<\/tr>\n<\/tbody>\n<\/table>\n","protected":false},"excerpt":{"rendered":"<p>Tr\u00eas exames laboratoriais de amostras de macacos encontrados mortos na cidade apontam febre amarela como causa da morte dos primatas. Os casos positivos s\u00e3o dos animais encontrados no Museu Mariano Proc\u00f3pio e em Palmital, no in\u00edcio do ano, e no bairro Previdenci\u00e1rios, zona Sul, no ano passado. Diante do resultado, o Museu permanecer\u00e1 fechado por [&hellip;]<\/p>\n","protected":false},"author":96,"featured_media":89608,"comment_status":"closed","ping_status":"closed","sticky":false,"template":"","format":"standard","meta":{"footnotes":""},"categories":[253],"tags":[],"class_list":["post-89609","post","type-post","status-publish","format-standard","has-post-thumbnail","hentry","category-cidade"],"_links":{"self":[{"href":"https:\/\/diarioregionaldigital.com.br\/index.php?rest_route=\/wp\/v2\/posts\/89609","targetHints":{"allow":["GET"]}}],"collection":[{"href":"https:\/\/diarioregionaldigital.com.br\/index.php?rest_route=\/wp\/v2\/posts"}],"about":[{"href":"https:\/\/diarioregionaldigital.com.br\/index.php?rest_route=\/wp\/v2\/types\/post"}],"author":[{"embeddable":true,"href":"https:\/\/diarioregionaldigital.com.br\/index.php?rest_route=\/wp\/v2\/users\/96"}],"replies":[{"embeddable":true,"href":"https:\/\/diarioregionaldigital.com.br\/index.php?rest_route=%2Fwp%2Fv2%2Fcomments&post=89609"}],"version-history":[{"count":0,"href":"https:\/\/diarioregionaldigital.com.br\/index.php?rest_route=\/wp\/v2\/posts\/89609\/revisions"}],"wp:featuredmedia":[{"embeddable":true,"href":"https:\/\/diarioregionaldigital.com.br\/index.php?rest_route=\/wp\/v2\/media\/89608"}],"wp:attachment":[{"href":"https:\/\/diarioregionaldigital.com.br\/index.php?rest_route=%2Fwp%2Fv2%2Fmedia&parent=89609"}],"wp:term":[{"taxonomy":"category","embeddable":true,"href":"https:\/\/diarioregionaldigital.com.br\/index.php?rest_route=%2Fwp%2Fv2%2Fcategories&post=89609"},{"taxonomy":"post_tag","embeddable":true,"href":"https:\/\/diarioregionaldigital.com.br\/index.php?rest_route=%2Fwp%2Fv2%2Ftags&post=89609"}],"curies":[{"name":"wp","href":"https:\/\/api.w.org\/{rel}","templated":true}]}}