{"id":89607,"date":"2018-01-15T20:35:24","date_gmt":"2018-01-15T22:35:24","guid":{"rendered":"http:\/\/diarioregionaljf.com.br\/2018\/01\/15\/chiques-2\/"},"modified":"2018-01-15T20:35:24","modified_gmt":"2018-01-15T22:35:24","slug":"chiques-2","status":"publish","type":"post","link":"https:\/\/diarioregionaldigital.com.br\/?p=89607","title":{"rendered":"Chiques"},"content":{"rendered":"<p style=\"text-align: center;\"><span class=\"h4\">Chiques<\/span><br \/>S\u00e9rie espanhola que faz sucesso na Netflix, \u201cAs telefonistas\u201d causa efeito interessante. Com um enredo que gira em torno de quatro jovens que sonham com a vida de mais liberdade na Madri de 1928, tem figurino chiqu\u00e9rrimo, e \u00e9 considerada uma \u201cMad Men\u201d da Espanha.<\/p>\n<p style=\"text-align: center;\"><span class=\"h4\">D\u00f3-r\u00e9-mi-f\u00e1<\/span><br \/>Em estilo \u00fanico, o Bar Nu Grau do bairro de Lourdes, ser\u00e1 cen\u00e1rio para o Show Ac\u00fastico onde o cantor Gustavo Anthony convida o Grupo NTI. Ser\u00e1 \u00e0s 19h30, do dia 19 de janeiro. Em cena, m\u00fasicas preparadas para o p\u00fablico se emocionar. A temporada est\u00e1 fazendo muito sucesso e recebendo mil aplausos.<\/p>\n<p style=\"text-align: center;\"><span class=\"h4\">Na Fita<\/span><br \/>Procurando o mapa da mina, a arquiteta Blenda Viana est\u00e1 al\u00e7ando novos voos. Dando um passo certeiro em sua carreira, Blenda foi convidada para ser a respons\u00e1vel por uma obra importante de uma fam\u00edlia de destaque na regi\u00e3o do Sul de Minas.<\/p>\n<p style=\"text-align: center;\"><span class=\"h4\">Olha S\u00f3&#8230;<\/span><br \/>Dedicado a a\u00e7\u00f5es em sa\u00fade mental, o Janeiro Branco, de autoria do vereador Adriano Miranda \u00e9 pura emo\u00e7\u00e3o. Quando se fala em sa\u00fade mental, o que est\u00e1 em jogo s\u00e3o doen\u00e7as que levam a baixa produtividade e qualidade de vida, como a depress\u00e3o. Em boa hora, o m\u00e9dico psiquiatra Dr. David Sender abordou esse tema, em produtiva palestra ontem, na C\u00e2mara Municipal de Juiz de Fora.<\/p>\n<p style=\"text-align: center;\"><span class=\"h4\">Carnaval<\/span><br \/>Em clima confete e serpentina vai ser no dia 26 de janeiro a terceira edi\u00e7\u00e3o da Escadaria do Samba. Para os batuques ser\u00e1 com a Banda Realce e na pauta, o Grupo Segredo convida Jo\u00e3ozinho da Percuss\u00e3o, Alessandra Crispin, Thiago Miranda, Mestre Jansen, Zez\u00e9 do Pandeiro, Mam\u00e3o, Roger Resende, R\u00e9gis da Vila e baterias dos mestres da Liga das Escolas de Samba.<\/p>\n<p style=\"text-align: center;\"><span class=\"h4\">On-line<\/span><br \/>O Planalto vai receber 300 prefeitos em janeiro, para assinar Conv\u00eanio com o \u201cInternet para todos\u201d, que oferece banda larga gratuita a pequenos munic\u00edpios. O programa, do Minist\u00e9rio da Ci\u00eancia e Tecnologia, isenta o servi\u00e7o de impostos e reduz o custo do consumidor.<\/p>\n<p style=\"text-align: center;\"><img decoding=\"async\" class=\" size-full wp-image-89596\" src=\"http:\/\/diarioregionaljf.com.br\/wp-content\/uploads\/2018\/01\/diario-int-23117-1.jpg\" alt=\"fotoa.jpg\" width=\"680\" style=\"display: block; margin-left: auto; margin-right: auto;\" srcset=\"https:\/\/diarioregionaldigital.com.br\/wp-content\/uploads\/2018\/01\/diario-int-23117-1.jpg 680w, https:\/\/diarioregionaldigital.com.br\/wp-content\/uploads\/2018\/01\/diario-int-23117-1-266x300.jpg 266w, https:\/\/diarioregionaldigital.com.br\/wp-content\/uploads\/2018\/01\/diario-int-23117-1-360x407.jpg 360w\" sizes=\"(max-width: 680px) 100vw, 680px\" \/>Alex Petrato curte o ver\u00e3o e produz lindas lumin\u00e1rias e lustres para sua loja de decora\u00e7\u00e3o Contempor\u00e2nea<\/p>\n<p style=\"text-align: center;\"><img decoding=\"async\" class=\" size-full wp-image-89597\" src=\"http:\/\/diarioregionaljf.com.br\/wp-content\/uploads\/2018\/01\/diario-int-23117-2.jpg\" alt=\"fotoaa.jpg\" width=\"680\" style=\"display: block; margin-left: auto; margin-right: auto;\" srcset=\"https:\/\/diarioregionaldigital.com.br\/wp-content\/uploads\/2018\/01\/diario-int-23117-2.jpg 680w, https:\/\/diarioregionaldigital.com.br\/wp-content\/uploads\/2018\/01\/diario-int-23117-2-300x199.jpg 300w, https:\/\/diarioregionaldigital.com.br\/wp-content\/uploads\/2018\/01\/diario-int-23117-2-360x238.jpg 360w\" sizes=\"(max-width: 680px) 100vw, 680px\" \/>Em tempo de \u201cDia D\u201d no Margarito, os noivos Aline Nicolette e Thiago Silva posaram para as lentes de Bruno Moraes com o celebrante Gil Horta<\/p>\n<p style=\"text-align: center;\"><img decoding=\"async\" class=\" size-full wp-image-89598\" src=\"http:\/\/diarioregionaljf.com.br\/wp-content\/uploads\/2018\/01\/diario-int-23117-3.jpg\" alt=\"fotob.jpg\" width=\"680\" style=\"display: block; margin-left: auto; margin-right: auto;\" srcset=\"https:\/\/diarioregionaldigital.com.br\/wp-content\/uploads\/2018\/01\/diario-int-23117-3.jpg 680w, https:\/\/diarioregionaldigital.com.br\/wp-content\/uploads\/2018\/01\/diario-int-23117-3-300x197.jpg 300w, https:\/\/diarioregionaldigital.com.br\/wp-content\/uploads\/2018\/01\/diario-int-23117-3-360x237.jpg 360w\" sizes=\"(max-width: 680px) 100vw, 680px\" \/>Rainhas da Comunica\u00e7\u00e3o da CMJF em festa, L\u00edlian Arruda, M\u00e1rcia Aquino, Helo\u00edsa Vieira e Camila Botelho<\/p>\n<p style=\"text-align: center;\"><img decoding=\"async\" class=\" size-full wp-image-89599\" src=\"http:\/\/diarioregionaljf.com.br\/wp-content\/uploads\/2018\/01\/diario-int-23117-4.jpg\" alt=\"fotobb.jpg\" width=\"680\" style=\"display: block; margin-left: auto; margin-right: auto;\" srcset=\"https:\/\/diarioregionaldigital.com.br\/wp-content\/uploads\/2018\/01\/diario-int-23117-4.jpg 680w, https:\/\/diarioregionaldigital.com.br\/wp-content\/uploads\/2018\/01\/diario-int-23117-4-300x199.jpg 300w, https:\/\/diarioregionaldigital.com.br\/wp-content\/uploads\/2018\/01\/diario-int-23117-4-360x238.jpg 360w\" sizes=\"(max-width: 680px) 100vw, 680px\" \/>A diva Sandra Portella fez show prioridade para&nbsp; comemorar o n\u00edver de Marcelo Detoni em Angra dos Reis<\/p>\n<p style=\"text-align: center;\"><img decoding=\"async\" class=\" size-full wp-image-89600\" src=\"http:\/\/diarioregionaljf.com.br\/wp-content\/uploads\/2018\/01\/diario-int-23117-5.jpg\" alt=\"fotoc.jpg\" width=\"680\" style=\"display: block; margin-left: auto; margin-right: auto;\" srcset=\"https:\/\/diarioregionaldigital.com.br\/wp-content\/uploads\/2018\/01\/diario-int-23117-5.jpg 680w, https:\/\/diarioregionaldigital.com.br\/wp-content\/uploads\/2018\/01\/diario-int-23117-5-300x197.jpg 300w, https:\/\/diarioregionaldigital.com.br\/wp-content\/uploads\/2018\/01\/diario-int-23117-5-360x236.jpg 360w\" sizes=\"(max-width: 680px) 100vw, 680px\" \/>Em noite de festa no Marcellu\u2019s Aero, Wanda Magnolo, Juliane e Ronaldo Miana e Ivete Gomes<\/p>\n<p style=\"text-align: center;\"><img decoding=\"async\" class=\" size-full wp-image-89601\" src=\"http:\/\/diarioregionaljf.com.br\/wp-content\/uploads\/2018\/01\/diario-int-23117-6.jpg\" alt=\"fotod.jpg\" width=\"680\" style=\"display: block; margin-left: auto; margin-right: auto;\" srcset=\"https:\/\/diarioregionaldigital.com.br\/wp-content\/uploads\/2018\/01\/diario-int-23117-6.jpg 680w, https:\/\/diarioregionaldigital.com.br\/wp-content\/uploads\/2018\/01\/diario-int-23117-6-300x199.jpg 300w, https:\/\/diarioregionaldigital.com.br\/wp-content\/uploads\/2018\/01\/diario-int-23117-6-360x238.jpg 360w\" sizes=\"(max-width: 680px) 100vw, 680px\" \/>O Grupo do momento, Sambatruck<\/p>\n<p style=\"text-align: center;\"><img decoding=\"async\" class=\" size-full wp-image-89602\" src=\"http:\/\/diarioregionaljf.com.br\/wp-content\/uploads\/2018\/01\/diario-int-23117-7.jpg\" alt=\"fotog.jpg\" width=\"680\" style=\"display: block; margin-left: auto; margin-right: auto;\" srcset=\"https:\/\/diarioregionaldigital.com.br\/wp-content\/uploads\/2018\/01\/diario-int-23117-7.jpg 680w, https:\/\/diarioregionaldigital.com.br\/wp-content\/uploads\/2018\/01\/diario-int-23117-7-300x199.jpg 300w, https:\/\/diarioregionaldigital.com.br\/wp-content\/uploads\/2018\/01\/diario-int-23117-7-360x238.jpg 360w\" sizes=\"(max-width: 680px) 100vw, 680px\" \/>No Privil\u00e9ge, os iluminados Arthur Batitucci e Roberta Cruz<\/p>\n<p style=\"text-align: center;\"><img decoding=\"async\" class=\" size-full wp-image-89603\" src=\"http:\/\/diarioregionaljf.com.br\/wp-content\/uploads\/2018\/01\/diario-int-23117-8.jpg\" alt=\"fotoe.jpg\" width=\"680\" style=\"display: block; margin-left: auto; margin-right: auto;\" srcset=\"https:\/\/diarioregionaldigital.com.br\/wp-content\/uploads\/2018\/01\/diario-int-23117-8.jpg 680w, https:\/\/diarioregionaldigital.com.br\/wp-content\/uploads\/2018\/01\/diario-int-23117-8-300x199.jpg 300w, https:\/\/diarioregionaldigital.com.br\/wp-content\/uploads\/2018\/01\/diario-int-23117-8-360x238.jpg 360w\" sizes=\"(max-width: 680px) 100vw, 680px\" \/>Aniversariante de destaque da temporada social, Elis\u00e2ngela C\u00e2ndida<\/p>\n<p style=\"text-align: center;\"><img decoding=\"async\" class=\" size-full wp-image-89604\" src=\"http:\/\/diarioregionaljf.com.br\/wp-content\/uploads\/2018\/01\/diario-int-23117-9.jpg\" alt=\"fotoh.jpg\" width=\"680\" style=\"display: block; margin-left: auto; margin-right: auto;\" srcset=\"https:\/\/diarioregionaldigital.com.br\/wp-content\/uploads\/2018\/01\/diario-int-23117-9.jpg 680w, https:\/\/diarioregionaldigital.com.br\/wp-content\/uploads\/2018\/01\/diario-int-23117-9-300x199.jpg 300w, https:\/\/diarioregionaldigital.com.br\/wp-content\/uploads\/2018\/01\/diario-int-23117-9-360x238.jpg 360w\" sizes=\"(max-width: 680px) 100vw, 680px\" \/>Marcando presen\u00e7a no Caf\u00e9 da Mata, Dod\u00f4 Souza e Rafael Barino<\/p>\n<p style=\"text-align: center;\"><img decoding=\"async\" class=\" size-full wp-image-89605\" src=\"http:\/\/diarioregionaljf.com.br\/wp-content\/uploads\/2018\/01\/diario-int-23117-10.jpg\" alt=\"fotoi.jpg\" width=\"680\" style=\"display: block; margin-left: auto; margin-right: auto;\" srcset=\"https:\/\/diarioregionaldigital.com.br\/wp-content\/uploads\/2018\/01\/diario-int-23117-10.jpg 680w, https:\/\/diarioregionaldigital.com.br\/wp-content\/uploads\/2018\/01\/diario-int-23117-10-300x199.jpg 300w, https:\/\/diarioregionaldigital.com.br\/wp-content\/uploads\/2018\/01\/diario-int-23117-10-360x238.jpg 360w\" sizes=\"(max-width: 680px) 100vw, 680px\" \/>Fazendo interc\u00e2mbio na Irlanda, o universit\u00e1rio Bruno Viana<\/p>\n<p style=\"text-align: center;\"><img decoding=\"async\" class=\" size-full wp-image-89606\" src=\"http:\/\/diarioregionaljf.com.br\/wp-content\/uploads\/2018\/01\/diario-int-23117-11.jpg\" alt=\"fotol.jpg\" width=\"680\" style=\"display: block; margin-left: auto; margin-right: auto;\" srcset=\"https:\/\/diarioregionaldigital.com.br\/wp-content\/uploads\/2018\/01\/diario-int-23117-11.jpg 680w, https:\/\/diarioregionaldigital.com.br\/wp-content\/uploads\/2018\/01\/diario-int-23117-11-300x199.jpg 300w, https:\/\/diarioregionaldigital.com.br\/wp-content\/uploads\/2018\/01\/diario-int-23117-11-360x238.jpg 360w\" sizes=\"(max-width: 680px) 100vw, 680px\" \/>Em S\u00e3o Paulo em sua exposi\u00e7\u00e3o, a gloriosa artista pl\u00e1stica Myrthes M\u00fcller<\/p>\n<p class=\"h4\" style=\"text-align: center;\">FOTOSS\u00cdNTESE<\/p>\n<p>Bonita e talentosa, N\u00edvea Passos que \u00e9 especialista em produ\u00e7\u00e3o de c\u00edlios est\u00e1 morando em Portugal. No dia 30 ela vir\u00e1 ao Brasil e estar\u00e1 em Juiz de Fora para rever parentes e amigos.<\/p>\n<p>Para estrelad\u00edssimo dia 17 de janeiro, Laila Hallack e Alessandra Cupertino estar\u00e3o promovendo a Noite do Anfitri\u00e3o na Casa da Esquina. O card\u00e1pio ser\u00e1 sem gl\u00faten e apto para cel\u00edacos. Reservas: 98899-6602.<\/p>\n<p>Planejando novidades, a UFJF destinou metade das suas vagas em 2018 para o Sistema de Sele\u00e7\u00e3o Unificada (SISU).<\/p>\n<p>Curtindo temporada de f\u00e9rias em Cabo Frio, o Jos\u00e9 Eduardo de Oliveira e Cl\u00e1udia Braga. Por l\u00e1 tamb\u00e9m o m\u00e9dico Elmano Loures.<\/p>\n<p>Vem com estrutura s\u00f3lida a primeira feira de gestante e beb\u00ea, com mais 60 estandes. Ser\u00e1 no MHall.<\/p>\n<p>Din\u00e2mico e atuante Ricardo Wagner \u00e9 o novo diretor regional da Associa\u00e7\u00e3o Mineira de Cronistas Esportivos. Ponto para ele.<\/p>\n<p>O AndarDeBaixo promove nos dias 27 e 28 de janeiro, das 9h \u00e0s 13h, a Oficina de teatro Provocativo, com o tema Temperatura Ideal.<\/p>\n<p>Raimundo Janu\u00e1rio (70 anos) venceu com categoria o concurso de Marchinhas para o carnaval do Bloco Recordar \u00e9 Viver, com a can\u00e7\u00e3o \u201cTrinta anos de conviv\u00eancia\u201d.<\/p>\n<p>Em momento preciso, a Guarda Municipal, a Pol\u00edcia Militar e o Comissariado de Menores est\u00e3o realizando opera\u00e7\u00e3o em v\u00e1rios bairros da cidade, com o objetivo de coibir o consumo de bebidas alco\u00f3licas por menores de idade.<\/p>\n<p>Usando o prov\u00e1vel como solu\u00e7\u00e3o ser\u00e1 nesta 4\u00aa feira, \u00e0s 20h, o fin\u00edssimo coquetel no Spazio Design para a inaugura\u00e7\u00e3o da Natuzzi, com seus m\u00f3veis italianos requintados.<\/p>\n<p>Quantos macacos foram encontrados mortos na regi\u00e3o? Seis cidades est\u00e3o em alerta.<\/p>\n<p>Aten\u00e7\u00e3o: Cidadania n\u00e3o se consegue de gra\u00e7a; \u00e9 fruto de muito esfor\u00e7o e sofrimento. Quem poupa o lobo sacrifica a ovelha. Bom dia.<\/p>\n","protected":false},"excerpt":{"rendered":"<p>ChiquesS\u00e9rie espanhola que faz sucesso na Netflix, \u201cAs telefonistas\u201d causa efeito interessante. Com um enredo que gira em torno de quatro jovens que sonham com a vida de mais liberdade na Madri de 1928, tem figurino chiqu\u00e9rrimo, e \u00e9 considerada uma \u201cMad Men\u201d da Espanha. D\u00f3-r\u00e9-mi-f\u00e1Em estilo \u00fanico, o Bar Nu Grau do bairro de [&hellip;]<\/p>\n","protected":false},"author":96,"featured_media":89595,"comment_status":"closed","ping_status":"closed","sticky":false,"template":"","format":"standard","meta":{"footnotes":""},"categories":[264],"tags":[],"class_list":["post-89607","post","type-post","status-publish","format-standard","has-post-thumbnail","hentry","category-eduardo-gomes"],"_links":{"self":[{"href":"https:\/\/diarioregionaldigital.com.br\/index.php?rest_route=\/wp\/v2\/posts\/89607","targetHints":{"allow":["GET"]}}],"collection":[{"href":"https:\/\/diarioregionaldigital.com.br\/index.php?rest_route=\/wp\/v2\/posts"}],"about":[{"href":"https:\/\/diarioregionaldigital.com.br\/index.php?rest_route=\/wp\/v2\/types\/post"}],"author":[{"embeddable":true,"href":"https:\/\/diarioregionaldigital.com.br\/index.php?rest_route=\/wp\/v2\/users\/96"}],"replies":[{"embeddable":true,"href":"https:\/\/diarioregionaldigital.com.br\/index.php?rest_route=%2Fwp%2Fv2%2Fcomments&post=89607"}],"version-history":[{"count":0,"href":"https:\/\/diarioregionaldigital.com.br\/index.php?rest_route=\/wp\/v2\/posts\/89607\/revisions"}],"wp:featuredmedia":[{"embeddable":true,"href":"https:\/\/diarioregionaldigital.com.br\/index.php?rest_route=\/wp\/v2\/media\/89595"}],"wp:attachment":[{"href":"https:\/\/diarioregionaldigital.com.br\/index.php?rest_route=%2Fwp%2Fv2%2Fmedia&parent=89607"}],"wp:term":[{"taxonomy":"category","embeddable":true,"href":"https:\/\/diarioregionaldigital.com.br\/index.php?rest_route=%2Fwp%2Fv2%2Fcategories&post=89607"},{"taxonomy":"post_tag","embeddable":true,"href":"https:\/\/diarioregionaldigital.com.br\/index.php?rest_route=%2Fwp%2Fv2%2Ftags&post=89607"}],"curies":[{"name":"wp","href":"https:\/\/api.w.org\/{rel}","templated":true}]}}