{"id":89594,"date":"2018-01-15T20:11:20","date_gmt":"2018-01-15T22:11:20","guid":{"rendered":"http:\/\/diarioregionaljf.com.br\/2018\/01\/15\/pc-registra-aumento-de-prisoes-e-apreensoes-de-drogas-na-regiao\/"},"modified":"2018-01-15T20:11:20","modified_gmt":"2018-01-15T22:11:20","slug":"pc-registra-aumento-de-prisoes-e-apreensoes-de-drogas-na-regiao","status":"publish","type":"post","link":"https:\/\/diarioregionaldigital.com.br\/?p=89594","title":{"rendered":"PC registra aumento de pris\u00f5es e apreens\u00f5es de drogas na regi\u00e3o"},"content":{"rendered":"<p>A Pol\u00edcia Civil (PC) divulgou na tarde desta segunda-feira, 15, balan\u00e7o referente ao n\u00famero de opera\u00e7\u00f5es, pris\u00f5es e apreens\u00f5es realizadas no ano passado pelo 4\u00ba Departamento de Pol\u00edcia Civil de Juiz de Fora (4\u00ba DEPPC). A unidade abrange as Delegacias Regionais de Juiz de Fora, Ub\u00e1, Leopoldina, Muria\u00e9 e Vi\u00e7osa, sendo respons\u00e1vel por 86 munic\u00edpios da zona da Mata.<\/p>\n<p>\u201cN\u00f3s realizamos cerca de 380 opera\u00e7\u00f5es, que resultaram no aumento de 28% no n\u00famero de pessoas detidas e em 53% na quantidade de drogas apreendidas. Veja bem, quando estou falando em quantidade, n\u00e3o \u00e9 peso, e sim o n\u00famero de a\u00e7\u00f5es que resultaram em apreens\u00e3o de entorpecentes\u201d, ressaltou o chefe do 4\u00ba DEPPC, delegado Carlos Roberto da Silveira Costa.<\/p>\n<p>Em 2017, 2.181 pessoas foram presas ou apreendidas pela Pol\u00edcia Civil no \u00e2mbito do 4\u00ba Departamento. No ano anterior, foram registradas 1.703 pris\u00f5es ou apreens\u00f5es. J\u00e1 em rela\u00e7\u00e3o \u00e0s a\u00e7\u00f5es que tiveram como resultado o confisco de drogas, o 4\u00ba DEPPC registrou 487 no \u00faltimo ano e, em 2016, 318.<\/p>\n<p>Conforme o balan\u00e7o, 30.574 procedimentos foram instaurados, 269 ve\u00edculos apreendidos e 74 armas de fogo foram confiscadas em 2017. Segundo Costa, os ve\u00edculos apreendidos, apontados pelo levantamento, eram utilizados para o tr\u00e1fico de drogas e homic\u00eddios. Em 2016, foram 196 apreens\u00f5es.<\/p>\n<p>\u201cVou me reunir em breve com os delegados regionais. Temos como objetivo aumentar o n\u00famero de opera\u00e7\u00e3o e intensificar o combate ao roubo, tr\u00e1fico de drogas e homic\u00eddios\u201d, ponderou o chefe do 4\u00ba Departamento sobre as expectativas para 2018.<\/p>\n<p>Entra as opera\u00e7\u00f5es em destaque para o chefe do 4\u00ba DEPPC est\u00e1 a Rota 040, em parceria com a Pol\u00edcia Militar (PM). A a\u00e7\u00e3o desmantelou um grupo envolvido com homic\u00eddios e tr\u00e1fico de drogas na cidade de S\u00e3o Jo\u00e3o Nepomuceno.<\/p>\n<p>&nbsp;<\/p>\n<h4>DELEGACIA REGIONAL DE JUIZ DE FORA<\/h4>\n<p>De acordo com a delegada Regional de Juiz de Fora, Patr\u00edcia Ribeiro, s\u00f3 as a\u00e7\u00f5es da 1\u00aa Delegacia Regional de Juiz de Fora (1\u00aa DRPC) culminaram em 527 pessoas presas ou apreendidas. A unidade responde administrativamente por 18 delegacias, sendo que onze delas funcionam em Juiz de Fora e as demais est\u00e3o em S\u00e3o Jo\u00e3o Nepomuceno, Bicas, Rio Novo, Matias Barbosa, Rio Preto, Lima Duarte e Mar de Espanha. A Delegacia Regional tamb\u00e9m possui os N\u00facleos de Atendimento ao Idoso e de Atendimento \u00e0s Ocorr\u00eancias de Maus-Tratos a Animais.<\/p>\n<p>Entre as mais de 120 opera\u00e7\u00f5es realizadas no munic\u00edpio, a delegada destacou a a\u00e7\u00e3o que resultou na maior apreens\u00e3o de drogas sint\u00e9ticas da hist\u00f3ria de Juiz de Fora, que foi realizada no dia 9 de fevereiro de 2017, com apreens\u00e3o de 22 mil pontos de LSD, 3.500 comprimidos de ecstasy e 1,6 quilos do princ\u00edpio ativo dessa droga, conhecido como MD.<\/p>\n<p>&nbsp;<\/p>\n<h4>DEMAIS DELEGACIAS<\/h4>\n<p>J\u00e1 entre as a\u00e7\u00f5es realizadas pela Delegacia Regional de Ub\u00e1, Costa destacou a opera\u00e7\u00e3o \u201cAbate Legal\u201d, que ocorreu no final de maio e in\u00edcio de junho. A a\u00e7\u00e3o visava coibir o abate de animais e a comercializa\u00e7\u00e3o clandestina de carne bovina e su\u00edna na regi\u00e3o. Foram aprendidas quase quatro toneladas de carnes e mais de 40 cabe\u00e7as de gado. Oito pessoas foram conduzidas \u00e0 Delegacia e duas c\u00e2meras frias foram lacradas na a\u00e7\u00e3o.<\/p>\n<p>Da Regional de Leopoldina, a a\u00e7\u00e3o destacada foi a \u201cOpera\u00e7\u00e3o Vera\u201d, que foi deflagrada no dia 4 de agosto, tendo como principal objetivo coibir o tr\u00e1fico de drogas em Al\u00e9m Para\u00edba e regi\u00e3o. Foram apreendidos sete autom\u00f3veis, quatro motocicletas; 3,5kg de coca\u00edna, 5kg de maconha, R$9.600. Quatorze pessoas foram detidas.<\/p>\n<p>Da a\u00e7\u00f5es realizadas pela 4\u00aa Delegacia Regional de Muria\u00e9, o chefe do Departamento destacou a opera\u00e7\u00e3o \u201cJu\u00edzo Final\u201d, que tinha como finalidade desarticular organiza\u00e7\u00f5es criminosas suspeitas de envolvimento com o tr\u00e1fico de drogas e com homic\u00eddios no munic\u00edpio.<br \/>A opera\u00e7\u00e3o contou com mais de 90 agentes de pol\u00edcia, 30 viaturas e teve o apoio do helic\u00f3ptero \u201cCarcar\u00e1\u201d. Ao todo, foram cumpridos 24 mandados de pris\u00e3o e 18 de busca e apreens\u00e3o. Foram apreendidos oito autom\u00f3veis e seis motos. Dentre os ve\u00edculos, foram confiscados v\u00e1rios carros de luxo, entre eles, uma BMW avaliada em R$100 mil.<\/p>\n<p>Da Regional de Vi\u00e7osa, Costa destacou a opera\u00e7\u00e3o \u201cEfeito Colateral\u201d. Os policiais cumpriram, durante a a\u00e7\u00e3o, 13 mandados de pris\u00e3o, 22 de busca e apreens\u00e3o e foram lavrados quatro autos de pris\u00e3o em flagrante, sendo tr\u00eas por tr\u00e1fico de drogas e um pelo crime de recepta\u00e7\u00e3o. Os indiv\u00edduos presos s\u00e3o suspeitos de terem envolvimento com o tr\u00e1fico de drogas.<\/p>\n<p>Tamb\u00e9m foram apreendidos dez celulares, duas balan\u00e7as de precis\u00e3o, maconha, coca\u00edna, diversos materiais utilizados para embalar entorpecentes, uma c\u00e2mera de seguran\u00e7a, um gravador digital de monitoramento e 16 folhas de cheque.<\/p>\n<p>&nbsp;<\/p>\n","protected":false},"excerpt":{"rendered":"<p>A Pol\u00edcia Civil (PC) divulgou na tarde desta segunda-feira, 15, balan\u00e7o referente ao n\u00famero de opera\u00e7\u00f5es, pris\u00f5es e apreens\u00f5es realizadas no ano passado pelo 4\u00ba Departamento de Pol\u00edcia Civil de Juiz de Fora (4\u00ba DEPPC). A unidade abrange as Delegacias Regionais de Juiz de Fora, Ub\u00e1, Leopoldina, Muria\u00e9 e Vi\u00e7osa, sendo respons\u00e1vel por 86 munic\u00edpios [&hellip;]<\/p>\n","protected":false},"author":96,"featured_media":89593,"comment_status":"closed","ping_status":"closed","sticky":false,"template":"","format":"standard","meta":{"footnotes":""},"categories":[253],"tags":[],"class_list":["post-89594","post","type-post","status-publish","format-standard","has-post-thumbnail","hentry","category-cidade"],"_links":{"self":[{"href":"https:\/\/diarioregionaldigital.com.br\/index.php?rest_route=\/wp\/v2\/posts\/89594","targetHints":{"allow":["GET"]}}],"collection":[{"href":"https:\/\/diarioregionaldigital.com.br\/index.php?rest_route=\/wp\/v2\/posts"}],"about":[{"href":"https:\/\/diarioregionaldigital.com.br\/index.php?rest_route=\/wp\/v2\/types\/post"}],"author":[{"embeddable":true,"href":"https:\/\/diarioregionaldigital.com.br\/index.php?rest_route=\/wp\/v2\/users\/96"}],"replies":[{"embeddable":true,"href":"https:\/\/diarioregionaldigital.com.br\/index.php?rest_route=%2Fwp%2Fv2%2Fcomments&post=89594"}],"version-history":[{"count":0,"href":"https:\/\/diarioregionaldigital.com.br\/index.php?rest_route=\/wp\/v2\/posts\/89594\/revisions"}],"wp:featuredmedia":[{"embeddable":true,"href":"https:\/\/diarioregionaldigital.com.br\/index.php?rest_route=\/wp\/v2\/media\/89593"}],"wp:attachment":[{"href":"https:\/\/diarioregionaldigital.com.br\/index.php?rest_route=%2Fwp%2Fv2%2Fmedia&parent=89594"}],"wp:term":[{"taxonomy":"category","embeddable":true,"href":"https:\/\/diarioregionaldigital.com.br\/index.php?rest_route=%2Fwp%2Fv2%2Fcategories&post=89594"},{"taxonomy":"post_tag","embeddable":true,"href":"https:\/\/diarioregionaldigital.com.br\/index.php?rest_route=%2Fwp%2Fv2%2Ftags&post=89594"}],"curies":[{"name":"wp","href":"https:\/\/api.w.org\/{rel}","templated":true}]}}