{"id":89592,"date":"2018-01-15T19:13:30","date_gmt":"2018-01-15T21:13:30","guid":{"rendered":"http:\/\/diarioregionaljf.com.br\/2018\/01\/15\/pjf-abre-inscricoes-para-contratacao-de-medicos-2\/"},"modified":"2018-01-15T19:13:30","modified_gmt":"2018-01-15T21:13:30","slug":"pjf-abre-inscricoes-para-contratacao-de-medicos-2","status":"publish","type":"post","link":"https:\/\/diarioregionaldigital.com.br\/?p=89592","title":{"rendered":"PJF abre inscri\u00e7\u00f5es para contrata\u00e7\u00e3o de m\u00e9dicos"},"content":{"rendered":"<p>A Prefeitura de Juiz de Fora (PJF), atrav\u00e9s da Secretaria de Administra\u00e7\u00e3o e Recursos Humanos (SARH), abriu inscri\u00e7\u00f5es para processos seletivos simplificados para contrata\u00e7\u00e3o tempor\u00e1ria de m\u00e9dicos I, para atua\u00e7\u00e3o cl\u00ednica, na \u00e1rea de traumatologia e cirurgia geral (<a href=\"https:\/\/www.pjf.mg.gov.br\/secretarias\/sarh\/edital\/temporario\/349\/index.php\" target=\"_blank\" rel=\"noopener noreferrer\">Edital n\u00ba 349-SARH<\/a>), e na urg\u00eancia e emerg\u00eancia, na \u00e1rea de cirurgia geral (<a href=\"https:\/\/www.pjf.mg.gov.br\/secretarias\/sarh\/edital\/temporario\/350\/index.php\" target=\"_blank\" rel=\"noopener noreferrer\">Edital n\u00ba 350-SARH<\/a>). Tamb\u00e9m est\u00e3o abertas inscri\u00e7\u00f5es para contrata\u00e7\u00e3o de m\u00e9dico Sa\u00fade da Fam\u00edlia e Comunidade (<a href=\"https:\/\/www.pjf.mg.gov.br\/secretarias\/sarh\/edital\/temporario\/348\/index.php\" target=\"_blank\" rel=\"noopener noreferrer\">Edital n\u00ba 348-SARH<\/a>). Os interessados podem realizar suas inscri\u00e7\u00f5es exclusivamente pela internet, atrav\u00e9s do <a href=\"https:\/\/www.pjf.mg.gov.br\/\" target=\"_blank\" rel=\"noopener noreferrer\">site oficial da PJF<\/a>, das 8h \u00e0s 18h, at\u00e9 o pr\u00f3ximo dia 22. Para participar, \u00e9 necess\u00e1rio curso superior em medicina e registro no conselho regional.<\/p>\n<p>Os t\u00edtulos para valida\u00e7\u00e3o das informa\u00e7\u00f5es prestadas na inscri\u00e7\u00e3o de cada edital dever\u00e3o ser entregues no audit\u00f3rio do pr\u00e9dio-sede, Avenida Brasil, n\u00ba 2001, 1\u00ba andar, nos dias 23 ou 24, das 8h30 \u00e0s 11h30 ou das 14h30 \u00e0s 17h30. A documenta\u00e7\u00e3o, junto com a c\u00f3pia da carteira de identidade, dever\u00e1 ser entregue pessoalmente ou por terceiros, em envelope lacrado e devidamente identificado, com nome completo do candidato, cargo e n\u00famero de inscri\u00e7\u00e3o. Com o envelope, dever\u00e1 estar o comprovante de inscri\u00e7\u00e3o, que servir\u00e1 de recibo para o candidato.<\/p>\n<p>&nbsp;<\/p>\n<p>Fonte: Assessoria<\/p>\n","protected":false},"excerpt":{"rendered":"<p>A Prefeitura de Juiz de Fora (PJF), atrav\u00e9s da Secretaria de Administra\u00e7\u00e3o e Recursos Humanos (SARH), abriu inscri\u00e7\u00f5es para processos seletivos simplificados para contrata\u00e7\u00e3o tempor\u00e1ria de m\u00e9dicos I, para atua\u00e7\u00e3o cl\u00ednica, na \u00e1rea de traumatologia e cirurgia geral (Edital n\u00ba 349-SARH), e na urg\u00eancia e emerg\u00eancia, na \u00e1rea de cirurgia geral (Edital n\u00ba 350-SARH). Tamb\u00e9m [&hellip;]<\/p>\n","protected":false},"author":96,"featured_media":89591,"comment_status":"closed","ping_status":"closed","sticky":false,"template":"","format":"standard","meta":{"footnotes":""},"categories":[280],"tags":[],"class_list":["post-89592","post","type-post","status-publish","format-standard","has-post-thumbnail","hentry","category-concurso"],"_links":{"self":[{"href":"https:\/\/diarioregionaldigital.com.br\/index.php?rest_route=\/wp\/v2\/posts\/89592","targetHints":{"allow":["GET"]}}],"collection":[{"href":"https:\/\/diarioregionaldigital.com.br\/index.php?rest_route=\/wp\/v2\/posts"}],"about":[{"href":"https:\/\/diarioregionaldigital.com.br\/index.php?rest_route=\/wp\/v2\/types\/post"}],"author":[{"embeddable":true,"href":"https:\/\/diarioregionaldigital.com.br\/index.php?rest_route=\/wp\/v2\/users\/96"}],"replies":[{"embeddable":true,"href":"https:\/\/diarioregionaldigital.com.br\/index.php?rest_route=%2Fwp%2Fv2%2Fcomments&post=89592"}],"version-history":[{"count":0,"href":"https:\/\/diarioregionaldigital.com.br\/index.php?rest_route=\/wp\/v2\/posts\/89592\/revisions"}],"wp:featuredmedia":[{"embeddable":true,"href":"https:\/\/diarioregionaldigital.com.br\/index.php?rest_route=\/wp\/v2\/media\/89591"}],"wp:attachment":[{"href":"https:\/\/diarioregionaldigital.com.br\/index.php?rest_route=%2Fwp%2Fv2%2Fmedia&parent=89592"}],"wp:term":[{"taxonomy":"category","embeddable":true,"href":"https:\/\/diarioregionaldigital.com.br\/index.php?rest_route=%2Fwp%2Fv2%2Fcategories&post=89592"},{"taxonomy":"post_tag","embeddable":true,"href":"https:\/\/diarioregionaldigital.com.br\/index.php?rest_route=%2Fwp%2Fv2%2Ftags&post=89592"}],"curies":[{"name":"wp","href":"https:\/\/api.w.org\/{rel}","templated":true}]}}