{"id":89590,"date":"2018-01-15T19:04:18","date_gmt":"2018-01-15T21:04:18","guid":{"rendered":"http:\/\/diarioregionaljf.com.br\/2018\/01\/15\/jovens-podem-fazer-alistamento-militar-obrigatorio-pela-internet\/"},"modified":"2018-01-15T19:04:18","modified_gmt":"2018-01-15T21:04:18","slug":"jovens-podem-fazer-alistamento-militar-obrigatorio-pela-internet","status":"publish","type":"post","link":"https:\/\/diarioregionaldigital.com.br\/?p=89590","title":{"rendered":"Jovens podem fazer alistamento militar obrigat\u00f3rio pela internet"},"content":{"rendered":"<p>Os jovens que completam 18 anos em 2018 j\u00e1 podem realizar o alistamento militar obrigat\u00f3rio. O prazo, aberto no in\u00edcio de janeiro, vai at\u00e9 29 de junho. Em Juiz de Fora, a previs\u00e3o \u00e9 de que 4.300 se alistem. Para evitar filas, o procedimento poder\u00e1 ser feito atrav\u00e9s do site. Quem usar esse processo dever\u00e1 informar conta de e-mail e n\u00famero de celular, para contatos futuros.<\/p>\n<p>O alistamento presencial deve ser feito na Junta de Servi\u00e7o Militar, na Avenida Brasil, n\u00ba560, Centro, das 8h \u00e0s 11h30. Os documentos obrigat\u00f3rios s\u00e3o original e c\u00f3pia da certid\u00e3o de nascimento ou equivalente (carteiras de identidade, nacional de habilita\u00e7\u00e3o\/CNH ou de trabalho); comprovante de resid\u00eancia; e cadastro de pessoa f\u00edsica (CPF). A Junta informar\u00e1 a data em que o jovem dever\u00e1 retornar para apresenta\u00e7\u00e3o na sele\u00e7\u00e3o geral ou dispensa do servi\u00e7o militar.<\/p>\n<p>O alistamento \u00e9 obrigat\u00f3rio. O valor da multa pode variar, de acordo com os anos em que o candidato deixou de se alistar. Quem n\u00e3o se apresentar n\u00e3o receber\u00e1 o documento que comprovar\u00e1 sua inclus\u00e3o na reserva militar, ficando impossibilitado de participar de concursos p\u00fablicos, obter passaporte e t\u00edtulo de eleitor e realizar matr\u00edculas em escolas e faculdades p\u00fablicas, entre outros. Em caso de d\u00favidas, o telefone da Junta de Servi\u00e7o Militar de Juiz de Fora \u00e9 o 3690-7231.<\/p>\n<p>&nbsp;<\/p>\n<p>Fonte: Assessoria PJF<\/p>\n<p>&nbsp;<\/p>\n","protected":false},"excerpt":{"rendered":"<p>Os jovens que completam 18 anos em 2018 j\u00e1 podem realizar o alistamento militar obrigat\u00f3rio. O prazo, aberto no in\u00edcio de janeiro, vai at\u00e9 29 de junho. Em Juiz de Fora, a previs\u00e3o \u00e9 de que 4.300 se alistem. Para evitar filas, o procedimento poder\u00e1 ser feito atrav\u00e9s do site. Quem usar esse processo dever\u00e1 [&hellip;]<\/p>\n","protected":false},"author":96,"featured_media":89589,"comment_status":"closed","ping_status":"closed","sticky":false,"template":"","format":"standard","meta":{"footnotes":""},"categories":[253],"tags":[],"class_list":["post-89590","post","type-post","status-publish","format-standard","has-post-thumbnail","hentry","category-cidade"],"_links":{"self":[{"href":"https:\/\/diarioregionaldigital.com.br\/index.php?rest_route=\/wp\/v2\/posts\/89590","targetHints":{"allow":["GET"]}}],"collection":[{"href":"https:\/\/diarioregionaldigital.com.br\/index.php?rest_route=\/wp\/v2\/posts"}],"about":[{"href":"https:\/\/diarioregionaldigital.com.br\/index.php?rest_route=\/wp\/v2\/types\/post"}],"author":[{"embeddable":true,"href":"https:\/\/diarioregionaldigital.com.br\/index.php?rest_route=\/wp\/v2\/users\/96"}],"replies":[{"embeddable":true,"href":"https:\/\/diarioregionaldigital.com.br\/index.php?rest_route=%2Fwp%2Fv2%2Fcomments&post=89590"}],"version-history":[{"count":0,"href":"https:\/\/diarioregionaldigital.com.br\/index.php?rest_route=\/wp\/v2\/posts\/89590\/revisions"}],"wp:featuredmedia":[{"embeddable":true,"href":"https:\/\/diarioregionaldigital.com.br\/index.php?rest_route=\/wp\/v2\/media\/89589"}],"wp:attachment":[{"href":"https:\/\/diarioregionaldigital.com.br\/index.php?rest_route=%2Fwp%2Fv2%2Fmedia&parent=89590"}],"wp:term":[{"taxonomy":"category","embeddable":true,"href":"https:\/\/diarioregionaldigital.com.br\/index.php?rest_route=%2Fwp%2Fv2%2Fcategories&post=89590"},{"taxonomy":"post_tag","embeddable":true,"href":"https:\/\/diarioregionaldigital.com.br\/index.php?rest_route=%2Fwp%2Fv2%2Ftags&post=89590"}],"curies":[{"name":"wp","href":"https:\/\/api.w.org\/{rel}","templated":true}]}}