{"id":89588,"date":"2018-01-15T18:52:45","date_gmt":"2018-01-15T20:52:45","guid":{"rendered":"http:\/\/diarioregionaljf.com.br\/2018\/01\/15\/agentes-de-fiscalizacao-da-settra-encontram-carro-roubado-no-bairro-salvaterra\/"},"modified":"2018-01-15T18:52:45","modified_gmt":"2018-01-15T20:52:45","slug":"agentes-de-fiscalizacao-da-settra-encontram-carro-roubado-no-bairro-salvaterra","status":"publish","type":"post","link":"https:\/\/diarioregionaldigital.com.br\/?p=89588","title":{"rendered":"Agentes de fiscaliza\u00e7\u00e3o da Settra encontram carro roubado no Bairro Salvaterra"},"content":{"rendered":"<p>Agentes do Departamento de Fiscaliza\u00e7\u00e3o de Transporte e Tr\u00e2nsito (DFTT) da Secretaria de Transporte e Tr\u00e2nsito (Settra) da Prefeitura de Juiz de Fora (PJF) localizaram s\u00e1bado, 13, um ve\u00edculo Volkswagen Fox, roubado na Avenida Deusdedith Salgado, no Bairro Salvaterra. A equipe de fiscaliza\u00e7\u00e3o foi acionada para atender ocorr\u00eancia de acidente provocado pelo condutor do carro. Ao chegar ao local, encontrou o autom\u00f3vel abandonado na via. Foi feita consulta ao sistema e constatado que o ve\u00edculo era roubado. A Pol\u00edcia Militar (PM) deu seguimento \u00e0 ocorr\u00eancia.<\/p>\n<p>Os agentes de fiscaliza\u00e7\u00e3o de transporte e tr\u00e2nsito podem ser acionados atrav\u00e9s do 3690-7400.<\/p>\n<p>&nbsp;<\/p>\n<p>Fonte: Assessoria<\/p>\n","protected":false},"excerpt":{"rendered":"<p>Agentes do Departamento de Fiscaliza\u00e7\u00e3o de Transporte e Tr\u00e2nsito (DFTT) da Secretaria de Transporte e Tr\u00e2nsito (Settra) da Prefeitura de Juiz de Fora (PJF) localizaram s\u00e1bado, 13, um ve\u00edculo Volkswagen Fox, roubado na Avenida Deusdedith Salgado, no Bairro Salvaterra. A equipe de fiscaliza\u00e7\u00e3o foi acionada para atender ocorr\u00eancia de acidente provocado pelo condutor do carro. [&hellip;]<\/p>\n","protected":false},"author":96,"featured_media":89587,"comment_status":"closed","ping_status":"closed","sticky":false,"template":"","format":"standard","meta":{"footnotes":""},"categories":[253],"tags":[],"class_list":["post-89588","post","type-post","status-publish","format-standard","has-post-thumbnail","hentry","category-cidade"],"_links":{"self":[{"href":"https:\/\/diarioregionaldigital.com.br\/index.php?rest_route=\/wp\/v2\/posts\/89588","targetHints":{"allow":["GET"]}}],"collection":[{"href":"https:\/\/diarioregionaldigital.com.br\/index.php?rest_route=\/wp\/v2\/posts"}],"about":[{"href":"https:\/\/diarioregionaldigital.com.br\/index.php?rest_route=\/wp\/v2\/types\/post"}],"author":[{"embeddable":true,"href":"https:\/\/diarioregionaldigital.com.br\/index.php?rest_route=\/wp\/v2\/users\/96"}],"replies":[{"embeddable":true,"href":"https:\/\/diarioregionaldigital.com.br\/index.php?rest_route=%2Fwp%2Fv2%2Fcomments&post=89588"}],"version-history":[{"count":0,"href":"https:\/\/diarioregionaldigital.com.br\/index.php?rest_route=\/wp\/v2\/posts\/89588\/revisions"}],"wp:featuredmedia":[{"embeddable":true,"href":"https:\/\/diarioregionaldigital.com.br\/index.php?rest_route=\/wp\/v2\/media\/89587"}],"wp:attachment":[{"href":"https:\/\/diarioregionaldigital.com.br\/index.php?rest_route=%2Fwp%2Fv2%2Fmedia&parent=89588"}],"wp:term":[{"taxonomy":"category","embeddable":true,"href":"https:\/\/diarioregionaldigital.com.br\/index.php?rest_route=%2Fwp%2Fv2%2Fcategories&post=89588"},{"taxonomy":"post_tag","embeddable":true,"href":"https:\/\/diarioregionaldigital.com.br\/index.php?rest_route=%2Fwp%2Fv2%2Ftags&post=89588"}],"curies":[{"name":"wp","href":"https:\/\/api.w.org\/{rel}","templated":true}]}}