{"id":89586,"date":"2018-01-15T18:41:00","date_gmt":"2018-01-15T20:41:00","guid":{"rendered":"http:\/\/diarioregionaljf.com.br\/2018\/01\/15\/idoso-e-agredido-durante-assalto-no-alto-dos-passos\/"},"modified":"2018-01-15T18:41:00","modified_gmt":"2018-01-15T20:41:00","slug":"idoso-e-agredido-durante-assalto-no-alto-dos-passos","status":"publish","type":"post","link":"https:\/\/diarioregionaldigital.com.br\/?p=89586","title":{"rendered":"Idoso \u00e9 agredido durante assalto no Alto dos Passos"},"content":{"rendered":"<p>Um homem de 60 anos foi agredido durante assalto na Avenida Rio Branco, bairro Alto dos Passos, zona Sul de Juiz de Fora, na manh\u00e3 desse domingo, 14.<\/p>\n<p>Conforme dados do registro da ocorr\u00eancia, a v\u00edtima relatou \u00e0 Pol\u00edcia Militar (PM) que o autor a abordou e lhe agarrou pelos cabelos. Afirmando estar armado, o assaltante roubou o aparelho celular e a quantia de R$30 do idoso.<\/p>\n","protected":false},"excerpt":{"rendered":"<p>Um homem de 60 anos foi agredido durante assalto na Avenida Rio Branco, bairro Alto dos Passos, zona Sul de Juiz de Fora, na manh\u00e3 desse domingo, 14. Conforme dados do registro da ocorr\u00eancia, a v\u00edtima relatou \u00e0 Pol\u00edcia Militar (PM) que o autor a abordou e lhe agarrou pelos cabelos. Afirmando estar armado, o [&hellip;]<\/p>\n","protected":false},"author":96,"featured_media":89585,"comment_status":"closed","ping_status":"closed","sticky":false,"template":"","format":"standard","meta":{"footnotes":""},"categories":[301],"tags":[],"class_list":["post-89586","post","type-post","status-publish","format-standard","has-post-thumbnail","hentry","category-artigos-policiais"],"_links":{"self":[{"href":"https:\/\/diarioregionaldigital.com.br\/index.php?rest_route=\/wp\/v2\/posts\/89586","targetHints":{"allow":["GET"]}}],"collection":[{"href":"https:\/\/diarioregionaldigital.com.br\/index.php?rest_route=\/wp\/v2\/posts"}],"about":[{"href":"https:\/\/diarioregionaldigital.com.br\/index.php?rest_route=\/wp\/v2\/types\/post"}],"author":[{"embeddable":true,"href":"https:\/\/diarioregionaldigital.com.br\/index.php?rest_route=\/wp\/v2\/users\/96"}],"replies":[{"embeddable":true,"href":"https:\/\/diarioregionaldigital.com.br\/index.php?rest_route=%2Fwp%2Fv2%2Fcomments&post=89586"}],"version-history":[{"count":0,"href":"https:\/\/diarioregionaldigital.com.br\/index.php?rest_route=\/wp\/v2\/posts\/89586\/revisions"}],"wp:featuredmedia":[{"embeddable":true,"href":"https:\/\/diarioregionaldigital.com.br\/index.php?rest_route=\/wp\/v2\/media\/89585"}],"wp:attachment":[{"href":"https:\/\/diarioregionaldigital.com.br\/index.php?rest_route=%2Fwp%2Fv2%2Fmedia&parent=89586"}],"wp:term":[{"taxonomy":"category","embeddable":true,"href":"https:\/\/diarioregionaldigital.com.br\/index.php?rest_route=%2Fwp%2Fv2%2Fcategories&post=89586"},{"taxonomy":"post_tag","embeddable":true,"href":"https:\/\/diarioregionaldigital.com.br\/index.php?rest_route=%2Fwp%2Fv2%2Ftags&post=89586"}],"curies":[{"name":"wp","href":"https:\/\/api.w.org\/{rel}","templated":true}]}}