{"id":89584,"date":"2018-01-15T18:27:09","date_gmt":"2018-01-15T20:27:09","guid":{"rendered":"http:\/\/diarioregionaljf.com.br\/2018\/01\/15\/mulher-tem-r-200-roubados-durante-assalto-no-sao-mateus\/"},"modified":"2018-01-15T18:27:09","modified_gmt":"2018-01-15T20:27:09","slug":"mulher-tem-r-200-roubados-durante-assalto-no-sao-mateus","status":"publish","type":"post","link":"https:\/\/diarioregionaldigital.com.br\/?p=89584","title":{"rendered":"Mulher tem R$200 roubados durante assalto no S\u00e3o Mateus"},"content":{"rendered":"<p>Uma mulher de 41 anos foi assaltada em um ponto de \u00f4nibus na Avenida Presidente Itamar Franco, bairro S\u00e3o Mateus, regi\u00e3o central de Juiz de Fora, na manh\u00e3 desse domingo, 14. O assaltante fugiu levando a quantia de R$200, al\u00e9m do celular e do rel\u00f3gio da v\u00edtima.<\/p>\n<p>Conforme informa\u00e7\u00f5es do Boletim de Ocorr\u00eancias (BO) da Pol\u00edcia Militar (PM), a mulher relatou que aguardava o \u00f4nibus, quando foi abordada pelo assaltante, que, fazendo uso de viol\u00eancia, subtraiu seus pertences.<\/p>\n<p>Ainda segundo a PM, a mulher foi socorrida ao Hospital de Pronto-Socorro (HPS), onde foi medicada e liberada.<\/p>\n","protected":false},"excerpt":{"rendered":"<p>Uma mulher de 41 anos foi assaltada em um ponto de \u00f4nibus na Avenida Presidente Itamar Franco, bairro S\u00e3o Mateus, regi\u00e3o central de Juiz de Fora, na manh\u00e3 desse domingo, 14. O assaltante fugiu levando a quantia de R$200, al\u00e9m do celular e do rel\u00f3gio da v\u00edtima. Conforme informa\u00e7\u00f5es do Boletim de Ocorr\u00eancias (BO) da [&hellip;]<\/p>\n","protected":false},"author":96,"featured_media":89583,"comment_status":"closed","ping_status":"closed","sticky":false,"template":"","format":"standard","meta":{"footnotes":""},"categories":[301],"tags":[],"class_list":["post-89584","post","type-post","status-publish","format-standard","has-post-thumbnail","hentry","category-artigos-policiais"],"_links":{"self":[{"href":"https:\/\/diarioregionaldigital.com.br\/index.php?rest_route=\/wp\/v2\/posts\/89584","targetHints":{"allow":["GET"]}}],"collection":[{"href":"https:\/\/diarioregionaldigital.com.br\/index.php?rest_route=\/wp\/v2\/posts"}],"about":[{"href":"https:\/\/diarioregionaldigital.com.br\/index.php?rest_route=\/wp\/v2\/types\/post"}],"author":[{"embeddable":true,"href":"https:\/\/diarioregionaldigital.com.br\/index.php?rest_route=\/wp\/v2\/users\/96"}],"replies":[{"embeddable":true,"href":"https:\/\/diarioregionaldigital.com.br\/index.php?rest_route=%2Fwp%2Fv2%2Fcomments&post=89584"}],"version-history":[{"count":0,"href":"https:\/\/diarioregionaldigital.com.br\/index.php?rest_route=\/wp\/v2\/posts\/89584\/revisions"}],"wp:featuredmedia":[{"embeddable":true,"href":"https:\/\/diarioregionaldigital.com.br\/index.php?rest_route=\/wp\/v2\/media\/89583"}],"wp:attachment":[{"href":"https:\/\/diarioregionaldigital.com.br\/index.php?rest_route=%2Fwp%2Fv2%2Fmedia&parent=89584"}],"wp:term":[{"taxonomy":"category","embeddable":true,"href":"https:\/\/diarioregionaldigital.com.br\/index.php?rest_route=%2Fwp%2Fv2%2Fcategories&post=89584"},{"taxonomy":"post_tag","embeddable":true,"href":"https:\/\/diarioregionaldigital.com.br\/index.php?rest_route=%2Fwp%2Fv2%2Ftags&post=89584"}],"curies":[{"name":"wp","href":"https:\/\/api.w.org\/{rel}","templated":true}]}}