{"id":89582,"date":"2018-01-15T18:11:31","date_gmt":"2018-01-15T20:11:31","guid":{"rendered":"http:\/\/diarioregionaljf.com.br\/2018\/01\/15\/projeto-tipifica-como-crime-induzir-criancas-e-jovens-a-automutilacao\/"},"modified":"2018-01-15T18:11:31","modified_gmt":"2018-01-15T20:11:31","slug":"projeto-tipifica-como-crime-induzir-criancas-e-jovens-a-automutilacao","status":"publish","type":"post","link":"https:\/\/diarioregionaldigital.com.br\/?p=89582","title":{"rendered":"Projeto tipifica como crime induzir crian\u00e7as e jovens \u00e0 automutila\u00e7\u00e3o"},"content":{"rendered":"<p>A C\u00e2mara dos Deputados analisa o Projeto de Lei 8833\/17, que tipifica como crime induzir, instigar ou auxiliar crian\u00e7as ou adolescentes a cometerem automutila\u00e7\u00e3o. O texto, de autoria do senador Ciro Nogueira (PP-PI), acrescenta artigo ao Estatuto da Crian\u00e7a e do Adolescente (ECA, Lei 8.069\/90).<\/p>\n<p>Pelo projeto, o novo tipo penal abrange atos para induzir \u00e0 automutila\u00e7\u00e3o, cometidos por qualquer meio, inclusive pela internet. Com isso, poder\u00e3o ser alcan\u00e7adas pela lei pessoas envolvidas, nas redes sociais, em grupos de jovens com o tema \u201cBaleia Azul\u201d, associado a supostos incentivos a situa\u00e7\u00f5es de risco entre adolescentes.<\/p>\n<p>Como penalidade inicial, para o tipo simples, ficou estabelecida deten\u00e7\u00e3o (cumprida em regime aberto ou semi-aberto) de seis meses a um ano. No caso de a les\u00e3o corporal se consumar, o instigador ficar\u00e1 sujeito a pena de reclus\u00e3o (regime inicial fechado) de um a dois anos. Se do ato resultar les\u00e3o corporal grave \u00e0 v\u00edtima, o tempo de reclus\u00e3o ficar\u00e1 entre um e tr\u00eas anos. Por fim, em caso de morte, dever\u00e1 ser aplicada pena de reclus\u00e3o de dois a seis anos.<\/p>\n<p>&nbsp;<\/p>\n<h4>TRAMITA\u00c7\u00c3O<\/h4>\n<p>A proposta, que tramita com apensados (PL 6989\/17 e outros), ser\u00e1 analisado pela Comiss\u00e3o de Constitui\u00e7\u00e3o e Justi\u00e7a e de Cidadania. Depois, seguir\u00e1 para o Plen\u00e1rio.<\/p>\n<p>Fonte: Ag\u00eancia C\u00e2mara Not\u00edcias<\/p>\n","protected":false},"excerpt":{"rendered":"<p>A C\u00e2mara dos Deputados analisa o Projeto de Lei 8833\/17, que tipifica como crime induzir, instigar ou auxiliar crian\u00e7as ou adolescentes a cometerem automutila\u00e7\u00e3o. O texto, de autoria do senador Ciro Nogueira (PP-PI), acrescenta artigo ao Estatuto da Crian\u00e7a e do Adolescente (ECA, Lei 8.069\/90). Pelo projeto, o novo tipo penal abrange atos para induzir [&hellip;]<\/p>\n","protected":false},"author":96,"featured_media":89581,"comment_status":"closed","ping_status":"closed","sticky":false,"template":"","format":"standard","meta":{"footnotes":""},"categories":[254],"tags":[],"class_list":["post-89582","post","type-post","status-publish","format-standard","has-post-thumbnail","hentry","category-politica"],"_links":{"self":[{"href":"https:\/\/diarioregionaldigital.com.br\/index.php?rest_route=\/wp\/v2\/posts\/89582","targetHints":{"allow":["GET"]}}],"collection":[{"href":"https:\/\/diarioregionaldigital.com.br\/index.php?rest_route=\/wp\/v2\/posts"}],"about":[{"href":"https:\/\/diarioregionaldigital.com.br\/index.php?rest_route=\/wp\/v2\/types\/post"}],"author":[{"embeddable":true,"href":"https:\/\/diarioregionaldigital.com.br\/index.php?rest_route=\/wp\/v2\/users\/96"}],"replies":[{"embeddable":true,"href":"https:\/\/diarioregionaldigital.com.br\/index.php?rest_route=%2Fwp%2Fv2%2Fcomments&post=89582"}],"version-history":[{"count":0,"href":"https:\/\/diarioregionaldigital.com.br\/index.php?rest_route=\/wp\/v2\/posts\/89582\/revisions"}],"wp:featuredmedia":[{"embeddable":true,"href":"https:\/\/diarioregionaldigital.com.br\/index.php?rest_route=\/wp\/v2\/media\/89581"}],"wp:attachment":[{"href":"https:\/\/diarioregionaldigital.com.br\/index.php?rest_route=%2Fwp%2Fv2%2Fmedia&parent=89582"}],"wp:term":[{"taxonomy":"category","embeddable":true,"href":"https:\/\/diarioregionaldigital.com.br\/index.php?rest_route=%2Fwp%2Fv2%2Fcategories&post=89582"},{"taxonomy":"post_tag","embeddable":true,"href":"https:\/\/diarioregionaldigital.com.br\/index.php?rest_route=%2Fwp%2Fv2%2Ftags&post=89582"}],"curies":[{"name":"wp","href":"https:\/\/api.w.org\/{rel}","templated":true}]}}