{"id":89580,"date":"2018-01-15T18:03:47","date_gmt":"2018-01-15T20:03:47","guid":{"rendered":"http:\/\/diarioregionaljf.com.br\/2018\/01\/15\/presidente-da-camara-vai-buscar-apoio-de-governadores-a-reforma-da-previdencia\/"},"modified":"2018-01-15T18:03:47","modified_gmt":"2018-01-15T20:03:47","slug":"presidente-da-camara-vai-buscar-apoio-de-governadores-a-reforma-da-previdencia","status":"publish","type":"post","link":"https:\/\/diarioregionaldigital.com.br\/?p=89580","title":{"rendered":"Presidente da C\u00e2mara vai buscar apoio de governadores \u00e0 reforma da Previd\u00eancia"},"content":{"rendered":"<p>Em viagem oficial a Nova York, o presidente da C\u00e2mara, Rodrigo Maia, anunciou que vai procurar governadores de estado para convenc\u00ea-los a apoiar a reforma da Previd\u00eancia (PEC 287\/16).<\/p>\n<p>Maia admitiu que o governo precisa ainda de 70 a 80 votos para que a proposta seja colocada em vota\u00e7\u00e3o com chances de ser aprovada.<\/p>\n<p>Em dezembro, ao constatar que ainda n\u00e3o tinha os 308 votos necess\u00e1rios para aprova\u00e7\u00e3o da proposta, o governo decidiu adiar para fevereiro a vota\u00e7\u00e3o e o presidente da C\u00e2mara definiu cronograma que come\u00e7a com a discuss\u00e3o da proposta em Plen\u00e1rio, a partir de 5 de fevereiro, e vota\u00e7\u00e3o em primeiro turno em 19 de fevereiro.<\/p>\n<p>Rodrigo Maia disse acreditar na possibilidade de aprova\u00e7\u00e3o, mas admitiu a necessidade de recomposi\u00e7\u00e3o da base do governo, reduzida em raz\u00e3o das vota\u00e7\u00f5es das den\u00fancias contra o presidente Michel Temer e pelo fato de 2018 ser um ano eleitoral.<\/p>\n<p>\u201cO governo terminou 2016 com uma base de 360 deputados e acabou com 250 depois da segunda den\u00fancia. \u00c9 preciso mais 80 deputados parar ter o conforto de ir a plen\u00e1rio. E em ano eleitoral, se n\u00e3o houver clareza de que h\u00e1 uma base s\u00f3lida para votar, muitos acabam nem comparecendo\u201d, explicou.<\/p>\n<p>Maia ressaltou a import\u00e2ncia de engajar os governadores em torno da reforma. Em dezembro, ele j\u00e1 tinha conversado sobre o tema com os governadores Fernando Pimentel, de Minas Gerais, e Luiz Fernando Pez\u00e3o, do Rio de Janeiro.<\/p>\n<p>\u201cVamos precisar de di\u00e1logo e envolvimento de governadores, que ser\u00e3o beneficiados. Este ano cinco estados n\u00e3o pagaram o 13\u00ba sal\u00e1rio do funcionalismo p\u00fablico e n\u00e3o existe solu\u00e7\u00e3o a curto prazo se n\u00e3o reestruturarmos as contas p\u00fablicas\u201d, disse.<\/p>\n<p>&nbsp;<\/p>\n<h4>AGENDA INTERNACIONAL<\/h4>\n<p>Rodrigo Maia participa, at\u00e9 quinta-feira, 18, de uma s\u00e9rie de encontros oficiais com autoridades, pol\u00edticos e empres\u00e1rios nos Estados Unidos e M\u00e9xico. Hoje ele se re\u00fane com o Secret\u00e1rio-Geral da Organiza\u00e7\u00e3o das Na\u00e7\u00f5es Unidas (ONU), Ant\u00f3nio Guterres, para discutir a quest\u00e3o dos refugiados venezuelanos na regi\u00e3o Norte do pa\u00eds.<\/p>\n<p>Nos pr\u00f3ximos dias, Maia se re\u00fane com empres\u00e1rios americanos na C\u00e2mara de Com\u00e9rcio dos Estados Unidos em Washington e com lideran\u00e7as pol\u00edticas como o presidente da C\u00e2mara dos Deputados norte-americana, Paul Ryan.<\/p>\n<p>Na quinta-feira, ele participa da Confer\u00eancia Latino-Americana do Banco Santander, em Canc\u00fan, no M\u00e9xico. Na sexta, 19, volta a Bras\u00edlia.<\/p>\n<p>Fonte: Ag\u00eancia C\u00e2mara Not\u00edcias<\/p>\n","protected":false},"excerpt":{"rendered":"<p>Em viagem oficial a Nova York, o presidente da C\u00e2mara, Rodrigo Maia, anunciou que vai procurar governadores de estado para convenc\u00ea-los a apoiar a reforma da Previd\u00eancia (PEC 287\/16). Maia admitiu que o governo precisa ainda de 70 a 80 votos para que a proposta seja colocada em vota\u00e7\u00e3o com chances de ser aprovada. Em [&hellip;]<\/p>\n","protected":false},"author":96,"featured_media":89579,"comment_status":"closed","ping_status":"closed","sticky":false,"template":"","format":"standard","meta":{"footnotes":""},"categories":[254],"tags":[],"class_list":["post-89580","post","type-post","status-publish","format-standard","has-post-thumbnail","hentry","category-politica"],"_links":{"self":[{"href":"https:\/\/diarioregionaldigital.com.br\/index.php?rest_route=\/wp\/v2\/posts\/89580","targetHints":{"allow":["GET"]}}],"collection":[{"href":"https:\/\/diarioregionaldigital.com.br\/index.php?rest_route=\/wp\/v2\/posts"}],"about":[{"href":"https:\/\/diarioregionaldigital.com.br\/index.php?rest_route=\/wp\/v2\/types\/post"}],"author":[{"embeddable":true,"href":"https:\/\/diarioregionaldigital.com.br\/index.php?rest_route=\/wp\/v2\/users\/96"}],"replies":[{"embeddable":true,"href":"https:\/\/diarioregionaldigital.com.br\/index.php?rest_route=%2Fwp%2Fv2%2Fcomments&post=89580"}],"version-history":[{"count":0,"href":"https:\/\/diarioregionaldigital.com.br\/index.php?rest_route=\/wp\/v2\/posts\/89580\/revisions"}],"wp:featuredmedia":[{"embeddable":true,"href":"https:\/\/diarioregionaldigital.com.br\/index.php?rest_route=\/wp\/v2\/media\/89579"}],"wp:attachment":[{"href":"https:\/\/diarioregionaldigital.com.br\/index.php?rest_route=%2Fwp%2Fv2%2Fmedia&parent=89580"}],"wp:term":[{"taxonomy":"category","embeddable":true,"href":"https:\/\/diarioregionaldigital.com.br\/index.php?rest_route=%2Fwp%2Fv2%2Fcategories&post=89580"},{"taxonomy":"post_tag","embeddable":true,"href":"https:\/\/diarioregionaldigital.com.br\/index.php?rest_route=%2Fwp%2Fv2%2Ftags&post=89580"}],"curies":[{"name":"wp","href":"https:\/\/api.w.org\/{rel}","templated":true}]}}