{"id":89578,"date":"2018-01-15T18:02:42","date_gmt":"2018-01-15T20:02:42","guid":{"rendered":"http:\/\/diarioregionaljf.com.br\/2018\/01\/15\/jovem-de-18-anos-morre-apos-ser-arremessada-para-fora-de-veiculo-em-capotamento-na-br-116\/"},"modified":"2018-01-15T18:02:42","modified_gmt":"2018-01-15T20:02:42","slug":"jovem-de-18-anos-morre-apos-ser-arremessada-para-fora-de-veiculo-em-capotamento-na-br-116","status":"publish","type":"post","link":"https:\/\/diarioregionaldigital.com.br\/?p=89578","title":{"rendered":"Jovem de 18 anos morre ap\u00f3s ser arremessada para fora de ve\u00edculo em capotamento na BR-116"},"content":{"rendered":"<p>Uma jovem de 18 anos morreu ao ser arremessada para fora de um ve\u00edculo durante capotamento na BR-116, em Leopoldina (a cerca de 97Km de Juiz de Fora), na tarde desse domingo, 14.<\/p>\n<p>Conforme informa\u00e7\u00f5es do Corpo de Bombeiros, o condutor do autom\u00f3vel tamb\u00e9m foi lan\u00e7ado para a pista, mas sofreu apenas escoria\u00e7\u00f5es e n\u00e3o quis ser atendido pelo Servi\u00e7o de Atendimento M\u00f3vel de Urg\u00eancia (SAMU). Ele relatou aos bombeiros que perdeu o controle do ve\u00edculo.<\/p>\n","protected":false},"excerpt":{"rendered":"<p>Uma jovem de 18 anos morreu ao ser arremessada para fora de um ve\u00edculo durante capotamento na BR-116, em Leopoldina (a cerca de 97Km de Juiz de Fora), na tarde desse domingo, 14. Conforme informa\u00e7\u00f5es do Corpo de Bombeiros, o condutor do autom\u00f3vel tamb\u00e9m foi lan\u00e7ado para a pista, mas sofreu apenas escoria\u00e7\u00f5es e n\u00e3o [&hellip;]<\/p>\n","protected":false},"author":96,"featured_media":89577,"comment_status":"closed","ping_status":"closed","sticky":false,"template":"","format":"standard","meta":{"footnotes":""},"categories":[252],"tags":[],"class_list":["post-89578","post","type-post","status-publish","format-standard","has-post-thumbnail","hentry","category-regiao"],"_links":{"self":[{"href":"https:\/\/diarioregionaldigital.com.br\/index.php?rest_route=\/wp\/v2\/posts\/89578","targetHints":{"allow":["GET"]}}],"collection":[{"href":"https:\/\/diarioregionaldigital.com.br\/index.php?rest_route=\/wp\/v2\/posts"}],"about":[{"href":"https:\/\/diarioregionaldigital.com.br\/index.php?rest_route=\/wp\/v2\/types\/post"}],"author":[{"embeddable":true,"href":"https:\/\/diarioregionaldigital.com.br\/index.php?rest_route=\/wp\/v2\/users\/96"}],"replies":[{"embeddable":true,"href":"https:\/\/diarioregionaldigital.com.br\/index.php?rest_route=%2Fwp%2Fv2%2Fcomments&post=89578"}],"version-history":[{"count":0,"href":"https:\/\/diarioregionaldigital.com.br\/index.php?rest_route=\/wp\/v2\/posts\/89578\/revisions"}],"wp:featuredmedia":[{"embeddable":true,"href":"https:\/\/diarioregionaldigital.com.br\/index.php?rest_route=\/wp\/v2\/media\/89577"}],"wp:attachment":[{"href":"https:\/\/diarioregionaldigital.com.br\/index.php?rest_route=%2Fwp%2Fv2%2Fmedia&parent=89578"}],"wp:term":[{"taxonomy":"category","embeddable":true,"href":"https:\/\/diarioregionaldigital.com.br\/index.php?rest_route=%2Fwp%2Fv2%2Fcategories&post=89578"},{"taxonomy":"post_tag","embeddable":true,"href":"https:\/\/diarioregionaldigital.com.br\/index.php?rest_route=%2Fwp%2Fv2%2Ftags&post=89578"}],"curies":[{"name":"wp","href":"https:\/\/api.w.org\/{rel}","templated":true}]}}