{"id":89576,"date":"2018-01-15T17:53:16","date_gmt":"2018-01-15T19:53:16","guid":{"rendered":"http:\/\/diarioregionaljf.com.br\/2018\/01\/15\/comissao-votara-projeto-que-destina-metade-de-royalties-do-pre-sal-ao-fundeb\/"},"modified":"2018-01-15T17:53:16","modified_gmt":"2018-01-15T19:53:16","slug":"comissao-votara-projeto-que-destina-metade-de-royalties-do-pre-sal-ao-fundeb","status":"publish","type":"post","link":"https:\/\/diarioregionaldigital.com.br\/?p=89576","title":{"rendered":"Comiss\u00e3o votar\u00e1 projeto que destina metade de royalties do pr\u00e9-sal ao Fundeb"},"content":{"rendered":"<p>Projeto que destina ao Fundo de Manuten\u00e7\u00e3o e Desenvolvimento da Educa\u00e7\u00e3o B\u00e1sica (Fundeb) 50% da parcela da Uni\u00e3o dos royalties do petr\u00f3leo destinada \u00e0 educa\u00e7\u00e3o est\u00e1 em pauta na Comiss\u00e3o de Assuntos Econ\u00f4micos (CAE), onde receber\u00e1 a decis\u00e3o final do Senado.<\/p>\n<p>O Projeto de Lei do Senado (PLS) 307\/2015, de autoria do senador Fernando Bezerra Coelho (PMDB-PE), j\u00e1 foi aprovado na Comiss\u00e3o de Educa\u00e7\u00e3o, Cultura e Esporte (CE), com texto substitutivo de Dal\u00edrio Beber (PSDB-SC), que foi o relator no colegiado. Segundo Beber, esses recursos ainda representam menos do que o governo, por for\u00e7a de lei, destina ao Fundeb anualmente, apesar de as perspectivas em rela\u00e7\u00e3o ao pr\u00e9-sal possibilitarem um cen\u00e1rio melhor em m\u00e9dio e longo prazos.<\/p>\n<p>O substitutivo determina que os novos recursos a serem vinculados ao Fundeb n\u00e3o ser\u00e3o contabilizados no valor m\u00ednimo de contribui\u00e7\u00e3o da Uni\u00e3o (a Lei 11.494\/2017 determina a complementa\u00e7\u00e3o federal m\u00ednima de 10% do montante do fundo).<\/p>\n<p>Na CAE, o relator \u00e9 Waldemir Moka (PMDB-MS), favor\u00e1vel \u00e0 proposta, com as mudan\u00e7as feitas na CE. \u201cOs desafios a serem superados pelo Fundeb, criado em 2006, s\u00e3o ainda significativos, a exemplo da necessidade de melhorar a qualidade do ensino, difundir o ensino em per\u00edodo integral, ampliar o acesso \u00e0 educa\u00e7\u00e3o infantil e ao ensino m\u00e9dio e reduzir as diferen\u00e7as regionais de acesso \u00e0 educa\u00e7\u00e3o\u201d, afirma Moka em seu texto.<\/p>\n<p>Fonte: Ag\u00eancia Senado<\/p>\n","protected":false},"excerpt":{"rendered":"<p>Projeto que destina ao Fundo de Manuten\u00e7\u00e3o e Desenvolvimento da Educa\u00e7\u00e3o B\u00e1sica (Fundeb) 50% da parcela da Uni\u00e3o dos royalties do petr\u00f3leo destinada \u00e0 educa\u00e7\u00e3o est\u00e1 em pauta na Comiss\u00e3o de Assuntos Econ\u00f4micos (CAE), onde receber\u00e1 a decis\u00e3o final do Senado. O Projeto de Lei do Senado (PLS) 307\/2015, de autoria do senador Fernando Bezerra [&hellip;]<\/p>\n","protected":false},"author":96,"featured_media":89575,"comment_status":"closed","ping_status":"closed","sticky":false,"template":"","format":"standard","meta":{"footnotes":""},"categories":[254],"tags":[],"class_list":["post-89576","post","type-post","status-publish","format-standard","has-post-thumbnail","hentry","category-politica"],"_links":{"self":[{"href":"https:\/\/diarioregionaldigital.com.br\/index.php?rest_route=\/wp\/v2\/posts\/89576","targetHints":{"allow":["GET"]}}],"collection":[{"href":"https:\/\/diarioregionaldigital.com.br\/index.php?rest_route=\/wp\/v2\/posts"}],"about":[{"href":"https:\/\/diarioregionaldigital.com.br\/index.php?rest_route=\/wp\/v2\/types\/post"}],"author":[{"embeddable":true,"href":"https:\/\/diarioregionaldigital.com.br\/index.php?rest_route=\/wp\/v2\/users\/96"}],"replies":[{"embeddable":true,"href":"https:\/\/diarioregionaldigital.com.br\/index.php?rest_route=%2Fwp%2Fv2%2Fcomments&post=89576"}],"version-history":[{"count":0,"href":"https:\/\/diarioregionaldigital.com.br\/index.php?rest_route=\/wp\/v2\/posts\/89576\/revisions"}],"wp:featuredmedia":[{"embeddable":true,"href":"https:\/\/diarioregionaldigital.com.br\/index.php?rest_route=\/wp\/v2\/media\/89575"}],"wp:attachment":[{"href":"https:\/\/diarioregionaldigital.com.br\/index.php?rest_route=%2Fwp%2Fv2%2Fmedia&parent=89576"}],"wp:term":[{"taxonomy":"category","embeddable":true,"href":"https:\/\/diarioregionaldigital.com.br\/index.php?rest_route=%2Fwp%2Fv2%2Fcategories&post=89576"},{"taxonomy":"post_tag","embeddable":true,"href":"https:\/\/diarioregionaldigital.com.br\/index.php?rest_route=%2Fwp%2Fv2%2Ftags&post=89576"}],"curies":[{"name":"wp","href":"https:\/\/api.w.org\/{rel}","templated":true}]}}