{"id":89574,"date":"2018-01-15T17:42:39","date_gmt":"2018-01-15T19:42:39","guid":{"rendered":"http:\/\/diarioregionaljf.com.br\/2018\/01\/15\/menino-de-dois-anos-morre-afogado-durante-festa-em-leopoldina\/"},"modified":"2018-01-15T17:42:39","modified_gmt":"2018-01-15T19:42:39","slug":"menino-de-dois-anos-morre-afogado-durante-festa-em-leopoldina","status":"publish","type":"post","link":"https:\/\/diarioregionaldigital.com.br\/?p=89574","title":{"rendered":"Menino de dois anos morre afogado durante festa em Leopoldina"},"content":{"rendered":"<p>Um menino de dois anos e oito meses morreu afogado ap\u00f3s cair na piscina durante uma confraterniza\u00e7\u00e3o em um s\u00edtio no munic\u00edpio de Leopoldina (a cerca de 97 Km de JF), na manh\u00e3 desse domingo, 14.<\/p>\n<p>Conforme informa\u00e7\u00f5es do Corpo de Bombeiros, a corpora\u00e7\u00e3o entrou em contato com a fam\u00edlia da v\u00edtima e interceptou o ve\u00edculo em que a mesma estava sendo transportada, inconsciente, conduzindo-a para a Unidade de Suporte Avan\u00e7ado daquela cidade.<\/p>\n<p>Foram realizados os procedimentos de socorro, mas a crian\u00e7a n\u00e3o resistiu e morreu. A per\u00edcia foi acionada para realizar os trabalhos de praxe.<\/p>\n","protected":false},"excerpt":{"rendered":"<p>Um menino de dois anos e oito meses morreu afogado ap\u00f3s cair na piscina durante uma confraterniza\u00e7\u00e3o em um s\u00edtio no munic\u00edpio de Leopoldina (a cerca de 97 Km de JF), na manh\u00e3 desse domingo, 14. Conforme informa\u00e7\u00f5es do Corpo de Bombeiros, a corpora\u00e7\u00e3o entrou em contato com a fam\u00edlia da v\u00edtima e interceptou o [&hellip;]<\/p>\n","protected":false},"author":96,"featured_media":89573,"comment_status":"closed","ping_status":"closed","sticky":false,"template":"","format":"standard","meta":{"footnotes":""},"categories":[252],"tags":[],"class_list":["post-89574","post","type-post","status-publish","format-standard","has-post-thumbnail","hentry","category-regiao"],"_links":{"self":[{"href":"https:\/\/diarioregionaldigital.com.br\/index.php?rest_route=\/wp\/v2\/posts\/89574","targetHints":{"allow":["GET"]}}],"collection":[{"href":"https:\/\/diarioregionaldigital.com.br\/index.php?rest_route=\/wp\/v2\/posts"}],"about":[{"href":"https:\/\/diarioregionaldigital.com.br\/index.php?rest_route=\/wp\/v2\/types\/post"}],"author":[{"embeddable":true,"href":"https:\/\/diarioregionaldigital.com.br\/index.php?rest_route=\/wp\/v2\/users\/96"}],"replies":[{"embeddable":true,"href":"https:\/\/diarioregionaldigital.com.br\/index.php?rest_route=%2Fwp%2Fv2%2Fcomments&post=89574"}],"version-history":[{"count":0,"href":"https:\/\/diarioregionaldigital.com.br\/index.php?rest_route=\/wp\/v2\/posts\/89574\/revisions"}],"wp:featuredmedia":[{"embeddable":true,"href":"https:\/\/diarioregionaldigital.com.br\/index.php?rest_route=\/wp\/v2\/media\/89573"}],"wp:attachment":[{"href":"https:\/\/diarioregionaldigital.com.br\/index.php?rest_route=%2Fwp%2Fv2%2Fmedia&parent=89574"}],"wp:term":[{"taxonomy":"category","embeddable":true,"href":"https:\/\/diarioregionaldigital.com.br\/index.php?rest_route=%2Fwp%2Fv2%2Fcategories&post=89574"},{"taxonomy":"post_tag","embeddable":true,"href":"https:\/\/diarioregionaldigital.com.br\/index.php?rest_route=%2Fwp%2Fv2%2Ftags&post=89574"}],"curies":[{"name":"wp","href":"https:\/\/api.w.org\/{rel}","templated":true}]}}