{"id":89572,"date":"2018-01-15T17:32:02","date_gmt":"2018-01-15T19:32:02","guid":{"rendered":"http:\/\/diarioregionaljf.com.br\/2018\/01\/15\/temer-recebe-diretor-geral-da-policia-federal-para-tratar-de-seguranca\/"},"modified":"2018-01-15T17:32:02","modified_gmt":"2018-01-15T19:32:02","slug":"temer-recebe-diretor-geral-da-policia-federal-para-tratar-de-seguranca","status":"publish","type":"post","link":"https:\/\/diarioregionaldigital.com.br\/?p=89572","title":{"rendered":"Temer recebe diretor-geral da Pol\u00edcia Federal para tratar de seguran\u00e7a"},"content":{"rendered":"<p>O presidente Michel Temer recebeu, na manh\u00e3 dessa segunda-feira, 15, no Pal\u00e1cio do Planalto, o diretor-geral da Pol\u00edcia Federal, Fernando Seg\u00f3via, para tratar de quest\u00f5es de seguran\u00e7a. O subchefe para Assuntos Jur\u00eddicos da Casa Civil, Gustavo Rocha, tamb\u00e9m participou do encontro, que foi registrado na agenda do presidente ap\u00f3s atualiza\u00e7\u00e3o.<\/p>\n<p>Nessa segunda-feira, Temer tamb\u00e9m recebeu o ministro do Gabinete de Seguran\u00e7a Institucional da Presid\u00eancia da Rep\u00fablica, Sergio Etchegoyen.<\/p>\n<p>A semana de trabalho do presidente come\u00e7ou ainda no domingo, 14, quando ele esteve com ministros no Pal\u00e1cio da Alvorada para tratar do cen\u00e1rio econ\u00f4mico. Antes da reuni\u00e3o, Temer e os ministros fizeram uma caminhada de pouco mais de 1 quil\u00f4metro entre os pal\u00e1cios do Jaburu, onde Temer mora com sua fam\u00edlia, e o Pal\u00e1cio da Alvorada.<\/p>\n<p>Fonte: Ag\u00eancia Brasil<\/p>\n","protected":false},"excerpt":{"rendered":"<p>O presidente Michel Temer recebeu, na manh\u00e3 dessa segunda-feira, 15, no Pal\u00e1cio do Planalto, o diretor-geral da Pol\u00edcia Federal, Fernando Seg\u00f3via, para tratar de quest\u00f5es de seguran\u00e7a. O subchefe para Assuntos Jur\u00eddicos da Casa Civil, Gustavo Rocha, tamb\u00e9m participou do encontro, que foi registrado na agenda do presidente ap\u00f3s atualiza\u00e7\u00e3o. Nessa segunda-feira, Temer tamb\u00e9m recebeu [&hellip;]<\/p>\n","protected":false},"author":96,"featured_media":89571,"comment_status":"closed","ping_status":"closed","sticky":false,"template":"","format":"standard","meta":{"footnotes":""},"categories":[254],"tags":[],"class_list":["post-89572","post","type-post","status-publish","format-standard","has-post-thumbnail","hentry","category-politica"],"_links":{"self":[{"href":"https:\/\/diarioregionaldigital.com.br\/index.php?rest_route=\/wp\/v2\/posts\/89572","targetHints":{"allow":["GET"]}}],"collection":[{"href":"https:\/\/diarioregionaldigital.com.br\/index.php?rest_route=\/wp\/v2\/posts"}],"about":[{"href":"https:\/\/diarioregionaldigital.com.br\/index.php?rest_route=\/wp\/v2\/types\/post"}],"author":[{"embeddable":true,"href":"https:\/\/diarioregionaldigital.com.br\/index.php?rest_route=\/wp\/v2\/users\/96"}],"replies":[{"embeddable":true,"href":"https:\/\/diarioregionaldigital.com.br\/index.php?rest_route=%2Fwp%2Fv2%2Fcomments&post=89572"}],"version-history":[{"count":0,"href":"https:\/\/diarioregionaldigital.com.br\/index.php?rest_route=\/wp\/v2\/posts\/89572\/revisions"}],"wp:featuredmedia":[{"embeddable":true,"href":"https:\/\/diarioregionaldigital.com.br\/index.php?rest_route=\/wp\/v2\/media\/89571"}],"wp:attachment":[{"href":"https:\/\/diarioregionaldigital.com.br\/index.php?rest_route=%2Fwp%2Fv2%2Fmedia&parent=89572"}],"wp:term":[{"taxonomy":"category","embeddable":true,"href":"https:\/\/diarioregionaldigital.com.br\/index.php?rest_route=%2Fwp%2Fv2%2Fcategories&post=89572"},{"taxonomy":"post_tag","embeddable":true,"href":"https:\/\/diarioregionaldigital.com.br\/index.php?rest_route=%2Fwp%2Fv2%2Ftags&post=89572"}],"curies":[{"name":"wp","href":"https:\/\/api.w.org\/{rel}","templated":true}]}}