{"id":89570,"date":"2018-01-15T17:07:54","date_gmt":"2018-01-15T19:07:54","guid":{"rendered":"http:\/\/diarioregionaljf.com.br\/2018\/01\/15\/inscricoes-para-o-prouni-comecam-dia-6-de-fevereiro\/"},"modified":"2018-01-15T17:07:54","modified_gmt":"2018-01-15T19:07:54","slug":"inscricoes-para-o-prouni-comecam-dia-6-de-fevereiro","status":"publish","type":"post","link":"https:\/\/diarioregionaldigital.com.br\/?p=89570","title":{"rendered":"Inscri\u00e7\u00f5es para o ProUni come\u00e7am dia 6 de fevereiro"},"content":{"rendered":"<p>As inscri\u00e7\u00f5es para o Programa Universidade para Todos (ProUni) do primeiro semestre de 2018 estar\u00e3o abertas do dia 6 a 9 de fevereiro. A inscri\u00e7\u00e3o \u00e9 feita exclusivamente pela internet, <a href=\"siteprouni.mec.gov.br\">no <\/a><a href=\"http:\/\/prouniportal.mec.gov.br\/\">site do ProUni.<\/a><\/p>\n<p>O resultado da primeira chamada ser\u00e1 divulgado no dia 14 de fevereiro e o da segunda no dia 2 de mar\u00e7o. O ProUni seleciona estudantes para receber bolsas de estudo integrais e parciais em institui\u00e7\u00f5es particulares de ensino superior com base na nota do Exame Nacional do Ensino M\u00e9dio (Enem).<\/p>\n<p>Pode participar do programa o candidato que n\u00e3o tenha diploma de curso superior e tenha feito a prova do Exame Nacional do Ensino M\u00e9dio (Enem) 2017 e obtido no m\u00ednimo 450 pontos na m\u00e9dia das notas do Exame. Outra condi\u00e7\u00e3o \u00e9 ter obtido nota na reda\u00e7\u00e3o que n\u00e3o seja zero.<\/p>\n<p>\u00c9 preciso ainda que atenda a pelo menos uma das condi\u00e7\u00f5es: ter cursado ensino m\u00e9dio completo em escola p\u00fablica; ter cursado ensino m\u00e9dio na rede privada com bolsa integral; ter cursado ensino m\u00e9dio parcialmente da rede p\u00fablica e privada, nesse caso como bolsista integral; ser pessoa com defici\u00eancia; ser professor da rede p\u00fablica no efetivo exerc\u00edcio do magist\u00e9rio da educa\u00e7\u00e3o b\u00e1sica.<\/p>\n<p>Poder\u00e1 concorrer a uma bolsa integral quem tem renda familiar bruta mensal per capta de at\u00e9 um sal\u00e1rio m\u00ednimo e meio. Pode se inscrever para as bolsas parciais quem tem a renda familiar bruta mensal per capta de at\u00e9 tr\u00eas sal\u00e1rios m\u00ednimos.<\/p>\n<p>Fonte: Ag\u00eancia Brasil<\/p>\n","protected":false},"excerpt":{"rendered":"<p>As inscri\u00e7\u00f5es para o Programa Universidade para Todos (ProUni) do primeiro semestre de 2018 estar\u00e3o abertas do dia 6 a 9 de fevereiro. A inscri\u00e7\u00e3o \u00e9 feita exclusivamente pela internet, no site do ProUni. O resultado da primeira chamada ser\u00e1 divulgado no dia 14 de fevereiro e o da segunda no dia 2 de mar\u00e7o. [&hellip;]<\/p>\n","protected":false},"author":96,"featured_media":89569,"comment_status":"closed","ping_status":"closed","sticky":false,"template":"","format":"standard","meta":{"footnotes":""},"categories":[302],"tags":[],"class_list":["post-89570","post","type-post","status-publish","format-standard","has-post-thumbnail","hentry","category-brasil-mundo"],"_links":{"self":[{"href":"https:\/\/diarioregionaldigital.com.br\/index.php?rest_route=\/wp\/v2\/posts\/89570","targetHints":{"allow":["GET"]}}],"collection":[{"href":"https:\/\/diarioregionaldigital.com.br\/index.php?rest_route=\/wp\/v2\/posts"}],"about":[{"href":"https:\/\/diarioregionaldigital.com.br\/index.php?rest_route=\/wp\/v2\/types\/post"}],"author":[{"embeddable":true,"href":"https:\/\/diarioregionaldigital.com.br\/index.php?rest_route=\/wp\/v2\/users\/96"}],"replies":[{"embeddable":true,"href":"https:\/\/diarioregionaldigital.com.br\/index.php?rest_route=%2Fwp%2Fv2%2Fcomments&post=89570"}],"version-history":[{"count":0,"href":"https:\/\/diarioregionaldigital.com.br\/index.php?rest_route=\/wp\/v2\/posts\/89570\/revisions"}],"wp:featuredmedia":[{"embeddable":true,"href":"https:\/\/diarioregionaldigital.com.br\/index.php?rest_route=\/wp\/v2\/media\/89569"}],"wp:attachment":[{"href":"https:\/\/diarioregionaldigital.com.br\/index.php?rest_route=%2Fwp%2Fv2%2Fmedia&parent=89570"}],"wp:term":[{"taxonomy":"category","embeddable":true,"href":"https:\/\/diarioregionaldigital.com.br\/index.php?rest_route=%2Fwp%2Fv2%2Fcategories&post=89570"},{"taxonomy":"post_tag","embeddable":true,"href":"https:\/\/diarioregionaldigital.com.br\/index.php?rest_route=%2Fwp%2Fv2%2Ftags&post=89570"}],"curies":[{"name":"wp","href":"https:\/\/api.w.org\/{rel}","templated":true}]}}