{"id":89568,"date":"2018-01-15T16:59:14","date_gmt":"2018-01-15T18:59:14","guid":{"rendered":"http:\/\/diarioregionaljf.com.br\/2018\/01\/15\/adolescente-com-suspeita-de-febre-amarela-tem-morte-cerebral-no-rio\/"},"modified":"2018-01-15T16:59:14","modified_gmt":"2018-01-15T18:59:14","slug":"adolescente-com-suspeita-de-febre-amarela-tem-morte-cerebral-no-rio","status":"publish","type":"post","link":"https:\/\/diarioregionaldigital.com.br\/?p=89568","title":{"rendered":"Adolescente com suspeita de febre amarela tem morte cerebral no Rio"},"content":{"rendered":"<p>O jovem Luiz Fernando Valente Rodrigues, de 17 anos, teve morte cerebral na manh\u00e3 dessa segunda-feira, 15, no Hospital S\u00e3o Francisco na Provid\u00eancia de Deus, no Rio de Janeiro. Ele deu entrada no hospital na noite da \u00faltima quinta-feira, 11, com suspeita de febre amarela, mas desenvolveu um quadro de hepatite fulminante.<\/p>\n<p>A equipe m\u00e9dica chegou a conseguir um f\u00edgado e um jato da For\u00e7a A\u00e9rea Brasileira para fazer o transplante do \u00f3rg\u00e3o, mas o paciente teve uma piora no quadro de sa\u00fade na madrugada de hoje o que impossibilitou a cirurgia.<\/p>\n<p>De acordo com a assessoria de imprensa do hospital, Luiz Fernando teve sangramento cerebral, o que causou um dano irrevers\u00edvel no \u00f3rg\u00e3o.<\/p>\n<p>Fonte: Ag\u00eancia Brasil<\/p>\n","protected":false},"excerpt":{"rendered":"<p>O jovem Luiz Fernando Valente Rodrigues, de 17 anos, teve morte cerebral na manh\u00e3 dessa segunda-feira, 15, no Hospital S\u00e3o Francisco na Provid\u00eancia de Deus, no Rio de Janeiro. Ele deu entrada no hospital na noite da \u00faltima quinta-feira, 11, com suspeita de febre amarela, mas desenvolveu um quadro de hepatite fulminante. A equipe m\u00e9dica [&hellip;]<\/p>\n","protected":false},"author":96,"featured_media":89567,"comment_status":"closed","ping_status":"closed","sticky":false,"template":"","format":"standard","meta":{"footnotes":""},"categories":[302],"tags":[],"class_list":["post-89568","post","type-post","status-publish","format-standard","has-post-thumbnail","hentry","category-brasil-mundo"],"_links":{"self":[{"href":"https:\/\/diarioregionaldigital.com.br\/index.php?rest_route=\/wp\/v2\/posts\/89568","targetHints":{"allow":["GET"]}}],"collection":[{"href":"https:\/\/diarioregionaldigital.com.br\/index.php?rest_route=\/wp\/v2\/posts"}],"about":[{"href":"https:\/\/diarioregionaldigital.com.br\/index.php?rest_route=\/wp\/v2\/types\/post"}],"author":[{"embeddable":true,"href":"https:\/\/diarioregionaldigital.com.br\/index.php?rest_route=\/wp\/v2\/users\/96"}],"replies":[{"embeddable":true,"href":"https:\/\/diarioregionaldigital.com.br\/index.php?rest_route=%2Fwp%2Fv2%2Fcomments&post=89568"}],"version-history":[{"count":0,"href":"https:\/\/diarioregionaldigital.com.br\/index.php?rest_route=\/wp\/v2\/posts\/89568\/revisions"}],"wp:featuredmedia":[{"embeddable":true,"href":"https:\/\/diarioregionaldigital.com.br\/index.php?rest_route=\/wp\/v2\/media\/89567"}],"wp:attachment":[{"href":"https:\/\/diarioregionaldigital.com.br\/index.php?rest_route=%2Fwp%2Fv2%2Fmedia&parent=89568"}],"wp:term":[{"taxonomy":"category","embeddable":true,"href":"https:\/\/diarioregionaldigital.com.br\/index.php?rest_route=%2Fwp%2Fv2%2Fcategories&post=89568"},{"taxonomy":"post_tag","embeddable":true,"href":"https:\/\/diarioregionaldigital.com.br\/index.php?rest_route=%2Fwp%2Fv2%2Ftags&post=89568"}],"curies":[{"name":"wp","href":"https:\/\/api.w.org\/{rel}","templated":true}]}}