{"id":89566,"date":"2018-01-15T16:57:21","date_gmt":"2018-01-15T18:57:21","guid":{"rendered":"http:\/\/diarioregionaljf.com.br\/2018\/01\/15\/homem-e-alvejado-por-cinco-tiros-no-bairro-monte-castelo\/"},"modified":"2018-01-15T16:57:21","modified_gmt":"2018-01-15T18:57:21","slug":"homem-e-alvejado-por-cinco-tiros-no-bairro-monte-castelo","status":"publish","type":"post","link":"https:\/\/diarioregionaldigital.com.br\/?p=89566","title":{"rendered":"Homem \u00e9 alvejado por cinco tiros no bairro Monte Castelo"},"content":{"rendered":"<p>Um homem de 36 anos foi v\u00edtima de uma tentativa de homic\u00eddio na manh\u00e3 deste domingo, 14, no bairro Monte Castelo, localizado na zona Norte.<\/p>\n<p>De acordo com o registro de ocorr\u00eancias da Pol\u00edcia Militar (PM), a v\u00edtima relatou que um indiv\u00edduo efetuou cinco disparos de um rev\u00f3lver calibre 38 em sua dire\u00e7\u00e3o, quando o mesmo passava pela Rua Nazira Mattar de Freitas.<\/p>\n<p>A v\u00edtima foi socorrida e encaminhada para o Hospital de Pronto Socorro (HPS).<\/p>\n<p>Uma guarni\u00e7\u00e3o da PM realizou buscas pelo bairro localizando um menor, de 17 anos, autor dos disparos. A arma utilizada tamb\u00e9m foi encontrada em um matagal, com tr\u00eas muni\u00e7\u00f5es intactas.<\/p>\n<p>O menor foi apreendido e a arma foram encaminhados para a delegacia.<\/p>\n<p>A per\u00edcia compareceu ao local do crime.<\/p>\n","protected":false},"excerpt":{"rendered":"<p>Um homem de 36 anos foi v\u00edtima de uma tentativa de homic\u00eddio na manh\u00e3 deste domingo, 14, no bairro Monte Castelo, localizado na zona Norte. De acordo com o registro de ocorr\u00eancias da Pol\u00edcia Militar (PM), a v\u00edtima relatou que um indiv\u00edduo efetuou cinco disparos de um rev\u00f3lver calibre 38 em sua dire\u00e7\u00e3o, quando o [&hellip;]<\/p>\n","protected":false},"author":96,"featured_media":89565,"comment_status":"closed","ping_status":"closed","sticky":false,"template":"","format":"standard","meta":{"footnotes":""},"categories":[301],"tags":[],"class_list":["post-89566","post","type-post","status-publish","format-standard","has-post-thumbnail","hentry","category-artigos-policiais"],"_links":{"self":[{"href":"https:\/\/diarioregionaldigital.com.br\/index.php?rest_route=\/wp\/v2\/posts\/89566","targetHints":{"allow":["GET"]}}],"collection":[{"href":"https:\/\/diarioregionaldigital.com.br\/index.php?rest_route=\/wp\/v2\/posts"}],"about":[{"href":"https:\/\/diarioregionaldigital.com.br\/index.php?rest_route=\/wp\/v2\/types\/post"}],"author":[{"embeddable":true,"href":"https:\/\/diarioregionaldigital.com.br\/index.php?rest_route=\/wp\/v2\/users\/96"}],"replies":[{"embeddable":true,"href":"https:\/\/diarioregionaldigital.com.br\/index.php?rest_route=%2Fwp%2Fv2%2Fcomments&post=89566"}],"version-history":[{"count":0,"href":"https:\/\/diarioregionaldigital.com.br\/index.php?rest_route=\/wp\/v2\/posts\/89566\/revisions"}],"wp:featuredmedia":[{"embeddable":true,"href":"https:\/\/diarioregionaldigital.com.br\/index.php?rest_route=\/wp\/v2\/media\/89565"}],"wp:attachment":[{"href":"https:\/\/diarioregionaldigital.com.br\/index.php?rest_route=%2Fwp%2Fv2%2Fmedia&parent=89566"}],"wp:term":[{"taxonomy":"category","embeddable":true,"href":"https:\/\/diarioregionaldigital.com.br\/index.php?rest_route=%2Fwp%2Fv2%2Fcategories&post=89566"},{"taxonomy":"post_tag","embeddable":true,"href":"https:\/\/diarioregionaldigital.com.br\/index.php?rest_route=%2Fwp%2Fv2%2Ftags&post=89566"}],"curies":[{"name":"wp","href":"https:\/\/api.w.org\/{rel}","templated":true}]}}