{"id":89562,"date":"2018-01-15T16:49:36","date_gmt":"2018-01-15T18:49:36","guid":{"rendered":"http:\/\/diarioregionaljf.com.br\/2018\/01\/15\/obesidade-cresce-entre-usuarios-de-planos-de-saude-diz-pesquisa\/"},"modified":"2018-01-15T16:49:36","modified_gmt":"2018-01-15T18:49:36","slug":"obesidade-cresce-entre-usuarios-de-planos-de-saude-diz-pesquisa","status":"publish","type":"post","link":"https:\/\/diarioregionaldigital.com.br\/?p=89562","title":{"rendered":"Obesidade cresce entre usu\u00e1rios de planos de sa\u00fade, diz pesquisa"},"content":{"rendered":"<p>Uma pesquisa com 53 mil usu\u00e1rios de planos de sa\u00fade de todo o Brasil aponta aumento da obesidade e do sobrepeso entre 2008 e 2016, apesar de terem se tornado mais frequentes o consumo de frutas e hortali\u00e7as e a pr\u00e1tica de atividade f\u00edsica.<\/p>\n<p>Os dados foram divulgados nessa segunda-feira, 15, pela Ag\u00eancia Nacional de Sa\u00fade Suplementar (ANS) e fazem parte da Vigil\u00e2ncia de Fatores de Risco e Prote\u00e7\u00e3o para Doen\u00e7as Cr\u00f4nicas por Inqu\u00e9rito Telef\u00f4nico (Vigitel). Foram entrevistados por telefone cerca de 20 mil homens e 33 mil mulheres que moram nas 26 capitais estaduais e no Distrito Federal.<\/p>\n<p>Em 2008, 46,5% dos entrevistados apresentavam \u00cdndice de Massa Corp\u00f3rea (IMC) superior a 25 pontos. Essa parcela da popula\u00e7\u00e3o aumentou para 53,7% quando a pesquisa foi repetida no ano passado.<\/p>\n<p>O \u00cdndice de Massa Corp\u00f3rea \u00e9 um dos par\u00e2metros utilizados pela Organiza\u00e7\u00e3o Mundial da Sa\u00fade para identificar se uma pessoa est\u00e1 em um peso correspondente a sua altura. O valor \u00e9 calculado dividindo o peso da pessoa pela sua altura ao quadrado [multiplicada por ela mesma]. Quando atinge ao menos 30 pontos de IMC, uma pessoa \u00e9 considerada obesa, o que \u00e9 o caso de 17,7% dos usu\u00e1rios de planos de sa\u00fade.<\/p>\n<p>Em 2008, essa parcela era de 12,5%, e, se comparado o n\u00famero de obesos daquele ano ao de 2016, \u00e9 poss\u00edvel constatar que houve um crescimento de 41,6%.<\/p>\n<h4>&nbsp;<\/h4>\n<h4>MAIS FRUTAS E HORTALI\u00c7AS<\/h4>\n<p>Apesar dessa alta, a pesquisa constatou a melhora de alguns indicadores. O n\u00famero de adultos que consomem refrigerantes ao menos cinco vezes por semana caiu de 26,2% para 14,7%.<\/p>\n<p>O percentual de pessoas que trocam refei\u00e7\u00f5es por lanches come\u00e7ou a ser medido em 2013 e tamb\u00e9m caiu, de 19% para 15,6%. Por sua vez, o h\u00e1bito de comer hortali\u00e7as e frutas com regularidade cresceu de 27% em 2008 para 30,5% em 2016.<\/p>\n<p>A popula\u00e7\u00e3o que pratica ao menos 150 minutos de atividade f\u00edsica moderada ou intensa semanalmente cresceu de 37,4% em 2010 para 42,3% em 2016. A inatividade f\u00edsica, por outro lado, caiu cinco pontos percentuais, de 19,2% para 14,2%.<\/p>\n<p>Foi classificado como inativo o entrevistado que respondeu n\u00e3o ter praticado nenhuma atividade f\u00edsica nos tr\u00eas meses anteriores \u00e0 pesquisa. Tamb\u00e9m s\u00e3o consideradas nessa resposta a realiza\u00e7\u00e3o de atividade f\u00edsica no trabalho, limpeza pesada em casa e caminhadas de pelo menos 10 minutos para ir ou voltar de uma atividade d\u00edaria, como o trabalho ou a escola.<\/p>\n<h4>&nbsp;<\/h4>\n<h4>OBESIDADE POR CAPITAL<\/h4>\n<p>A pesquisa identificou n\u00fameros regionais sobre os fatores de risco pesquisados e chegou \u00e0 conclus\u00e3o que cinco capitais j\u00e1 registram mais de 20% de usu\u00e1rios de plano de sa\u00fade obesos.<\/p>\n<p>Manaus tem o \u00edndice mais elevado, com 22,3%, seguida por Macap\u00e1, com 20,8%, e Rio de Janeiro, com 20,5%. Jo\u00e3o Pessoa tem 20,2% e Aracaju, 20%. Palmas e Distrito Federal t\u00eam o menor percentual, de 13,4%.<\/p>\n<p>&nbsp;<\/p>\n<h4>TABAGISMO<\/h4>\n<p>Outro dado levantado na pesquisa foi o consumo de cigarro, que apresentou queda em rela\u00e7\u00e3o a 2008, mas parou de cair se observada a varia\u00e7\u00e3o de 2015 para 2016.<\/p>\n<p>Em 2008, 12,4% dos entrevistados eram fumantes, patamar que caiu ano ap\u00f3s ano at\u00e9 atingir 7,2% em 2015. No passado, 7,3% dos usu\u00e1rios de plano de sa\u00fade declararam ser fumantes.<\/p>\n<p>O n\u00famero de fumantes passivos em domic\u00edlio ou em local de trabalho tamb\u00e9m caiu. A pesquisa verificou que 6,3% das pessoas est\u00e3o expostas ao tabaco em casa e 5,2%, no trabalho.<\/p>\n<p>Fonte: Ag\u00eancia Brasil<\/p>\n","protected":false},"excerpt":{"rendered":"<p>Uma pesquisa com 53 mil usu\u00e1rios de planos de sa\u00fade de todo o Brasil aponta aumento da obesidade e do sobrepeso entre 2008 e 2016, apesar de terem se tornado mais frequentes o consumo de frutas e hortali\u00e7as e a pr\u00e1tica de atividade f\u00edsica. Os dados foram divulgados nessa segunda-feira, 15, pela Ag\u00eancia Nacional de [&hellip;]<\/p>\n","protected":false},"author":96,"featured_media":89561,"comment_status":"closed","ping_status":"closed","sticky":false,"template":"","format":"standard","meta":{"footnotes":""},"categories":[302],"tags":[],"class_list":["post-89562","post","type-post","status-publish","format-standard","has-post-thumbnail","hentry","category-brasil-mundo"],"_links":{"self":[{"href":"https:\/\/diarioregionaldigital.com.br\/index.php?rest_route=\/wp\/v2\/posts\/89562","targetHints":{"allow":["GET"]}}],"collection":[{"href":"https:\/\/diarioregionaldigital.com.br\/index.php?rest_route=\/wp\/v2\/posts"}],"about":[{"href":"https:\/\/diarioregionaldigital.com.br\/index.php?rest_route=\/wp\/v2\/types\/post"}],"author":[{"embeddable":true,"href":"https:\/\/diarioregionaldigital.com.br\/index.php?rest_route=\/wp\/v2\/users\/96"}],"replies":[{"embeddable":true,"href":"https:\/\/diarioregionaldigital.com.br\/index.php?rest_route=%2Fwp%2Fv2%2Fcomments&post=89562"}],"version-history":[{"count":0,"href":"https:\/\/diarioregionaldigital.com.br\/index.php?rest_route=\/wp\/v2\/posts\/89562\/revisions"}],"wp:featuredmedia":[{"embeddable":true,"href":"https:\/\/diarioregionaldigital.com.br\/index.php?rest_route=\/wp\/v2\/media\/89561"}],"wp:attachment":[{"href":"https:\/\/diarioregionaldigital.com.br\/index.php?rest_route=%2Fwp%2Fv2%2Fmedia&parent=89562"}],"wp:term":[{"taxonomy":"category","embeddable":true,"href":"https:\/\/diarioregionaldigital.com.br\/index.php?rest_route=%2Fwp%2Fv2%2Fcategories&post=89562"},{"taxonomy":"post_tag","embeddable":true,"href":"https:\/\/diarioregionaldigital.com.br\/index.php?rest_route=%2Fwp%2Fv2%2Ftags&post=89562"}],"curies":[{"name":"wp","href":"https:\/\/api.w.org\/{rel}","templated":true}]}}