{"id":89560,"date":"2018-01-15T16:41:14","date_gmt":"2018-01-15T18:41:14","guid":{"rendered":"http:\/\/diarioregionaljf.com.br\/2018\/01\/15\/portugal-registra-tremor-de-4-9-pontos-na-escala-richter\/"},"modified":"2018-01-15T16:41:14","modified_gmt":"2018-01-15T18:41:14","slug":"portugal-registra-tremor-de-4-9-pontos-na-escala-richter","status":"publish","type":"post","link":"https:\/\/diarioregionaldigital.com.br\/?p=89560","title":{"rendered":"Portugal registra tremor de 4,9 pontos na escala Richter"},"content":{"rendered":"<p>Um tremor de terra foi sentido em v\u00e1rias regi\u00f5es de Portugal na manh\u00e3 dessa segunda-feira, 15. De acordo com o Instituto Portugu\u00eas do Mar e da Atmosfera (IPMA), um abalo de 4,9 pontos na escala Richter foi sentido \u00e0s 11h51 (hor\u00e1rio local) e teve epicentro a 6 quil\u00f4metros da vila de Arraiolos, no distrito de \u00c9vora.<\/p>\n<p>Ainda de acordo com o IPMA, at\u00e9 o momento n\u00e3o foram registrados danos materiais ou pessoais e o tremor foi sentido com maior intensidade na regi\u00e3o de Elvas.<\/p>\n<p>Segundo o jornal portugu\u00eas Di\u00e1rio de Not\u00edcias, algumas escolas em Elvas foram evacuadas devido ao terremoto e, em Arraiolos, o comandante dos bombeiros afirmou que &#8220;sentiu-se tudo tremer&#8221;.<\/p>\n<p>Nas redes sociais, h\u00e1 relatos de que o sismo foi sentido em Lisboa, Viseu, Faro, Coimbra e Porto, entre outras cidades.<\/p>\n<p>&nbsp;<\/p>\n<h4>AGITA\u00c7\u00c3O MAR\u00cdTIMA<\/h4>\n<p>Ainda segundo o IPMA, sete distritos de Portugal est\u00e3o hoje sob aviso amarelo devido \u00e0 previs\u00e3o de agita\u00e7\u00e3o mar\u00edtima forte.<\/p>\n<p>Os distritos de Viana do Castelo, Braga, Porto, Aveiro, Coimbra, Leiria e Lisboa estar\u00e3o sob aviso amarelo entre as 16h de hoje e as 6h de amanh\u00e3, 16, com previs\u00e3o de ondas de 4 a 5 metros de altura.<\/p>\n<p>O aviso amarelo \u00e9 emitido sempre que h\u00e1 situa\u00e7\u00e3o de risco para atividades que dependem da situa\u00e7\u00e3o meteorol\u00f3gica.<\/p>\n<p>Fonte: Ag\u00eancia Brasil<\/p>\n","protected":false},"excerpt":{"rendered":"<p>Um tremor de terra foi sentido em v\u00e1rias regi\u00f5es de Portugal na manh\u00e3 dessa segunda-feira, 15. De acordo com o Instituto Portugu\u00eas do Mar e da Atmosfera (IPMA), um abalo de 4,9 pontos na escala Richter foi sentido \u00e0s 11h51 (hor\u00e1rio local) e teve epicentro a 6 quil\u00f4metros da vila de Arraiolos, no distrito de [&hellip;]<\/p>\n","protected":false},"author":96,"featured_media":89559,"comment_status":"closed","ping_status":"closed","sticky":false,"template":"","format":"standard","meta":{"footnotes":""},"categories":[302],"tags":[],"class_list":["post-89560","post","type-post","status-publish","format-standard","has-post-thumbnail","hentry","category-brasil-mundo"],"_links":{"self":[{"href":"https:\/\/diarioregionaldigital.com.br\/index.php?rest_route=\/wp\/v2\/posts\/89560","targetHints":{"allow":["GET"]}}],"collection":[{"href":"https:\/\/diarioregionaldigital.com.br\/index.php?rest_route=\/wp\/v2\/posts"}],"about":[{"href":"https:\/\/diarioregionaldigital.com.br\/index.php?rest_route=\/wp\/v2\/types\/post"}],"author":[{"embeddable":true,"href":"https:\/\/diarioregionaldigital.com.br\/index.php?rest_route=\/wp\/v2\/users\/96"}],"replies":[{"embeddable":true,"href":"https:\/\/diarioregionaldigital.com.br\/index.php?rest_route=%2Fwp%2Fv2%2Fcomments&post=89560"}],"version-history":[{"count":0,"href":"https:\/\/diarioregionaldigital.com.br\/index.php?rest_route=\/wp\/v2\/posts\/89560\/revisions"}],"wp:featuredmedia":[{"embeddable":true,"href":"https:\/\/diarioregionaldigital.com.br\/index.php?rest_route=\/wp\/v2\/media\/89559"}],"wp:attachment":[{"href":"https:\/\/diarioregionaldigital.com.br\/index.php?rest_route=%2Fwp%2Fv2%2Fmedia&parent=89560"}],"wp:term":[{"taxonomy":"category","embeddable":true,"href":"https:\/\/diarioregionaldigital.com.br\/index.php?rest_route=%2Fwp%2Fv2%2Fcategories&post=89560"},{"taxonomy":"post_tag","embeddable":true,"href":"https:\/\/diarioregionaldigital.com.br\/index.php?rest_route=%2Fwp%2Fv2%2Ftags&post=89560"}],"curies":[{"name":"wp","href":"https:\/\/api.w.org\/{rel}","templated":true}]}}