{"id":89558,"date":"2018-01-15T16:38:16","date_gmt":"2018-01-15T18:38:16","guid":{"rendered":"http:\/\/diarioregionaljf.com.br\/2018\/01\/15\/filipinas-decretam-alerta-maximo-depois-de-ameaca-de-erupcao-vulcanica\/"},"modified":"2018-01-15T16:38:16","modified_gmt":"2018-01-15T18:38:16","slug":"filipinas-decretam-alerta-maximo-depois-de-ameaca-de-erupcao-vulcanica","status":"publish","type":"post","link":"https:\/\/diarioregionaldigital.com.br\/?p=89558","title":{"rendered":"Filipinas decretam alerta m\u00e1ximo depois de amea\u00e7a de erup\u00e7\u00e3o vulc\u00e2nica"},"content":{"rendered":"<p>As Filipinas est\u00e3o em alerta m\u00e1ximo devido ao vulc\u00e3o Mayon, que segundo especialistas pode entrar em erup\u00e7\u00e3o de maneira iminente ap\u00f3s ter liberado, durante o final de semana, espessas nuvens de cinzas e for\u00e7ar o deslocamento de milhares de pessoas.<\/p>\n<p>A ag\u00eancia sismol\u00f3gica das Filipinas (PHIVOLCS) elevou nessa segunda-feira, 15, para &#8220;cr\u00edtico&#8221; o n\u00edvel de alerta perante a possibilidade deste vulc\u00e3o, situado ao leste do arquip\u00e9lago e a cerca de 350 quil\u00f4metros de Manila, expulsar rios de lava sobre popula\u00e7\u00f5es e campos.<\/p>\n<p>Mayon teve uma erup\u00e7\u00e3o pela primeira vez na tarde de s\u00e1bado, 13, liberando nuvens e cinzas, e o organismo estatal, que no domingo, 14, decretou n\u00edvel 2 (&#8220;crescente preocupa\u00e7\u00e3o&#8221;), decidiu aument\u00e1-lo para 3 nas \u00faltimas horas.<\/p>\n<p>Depois da primeira erup\u00e7\u00e3o ocorreram outras duas, que provocaram 158 desprendimentos de rochas e o deslocamento em massa de mais de mil pessoas em um raio de 6 quil\u00f4metros.<\/p>\n<p>Hoje, o raio foi ampliado para 7 quil\u00f4metros, e o n\u00famero de pessoas deslocadas subiu para 12.044, informou \u00e0 Ag\u00eancia EFE a porta-voz do Escrit\u00f3rio de Defesa Civil da prov\u00edncia de Bicol, Rachel Ann Miranda.<\/p>\n<p>&#8220;Tudo indica que vai haver uma erup\u00e7\u00e3o mais forte, por isso nos preparamos para diferentes cen\u00e1rios&#8221;, assegurou a porta-voz, ap\u00f3s confirmar que j\u00e1 n\u00e3o restam civis na \u00e1rea de perigo.<\/p>\n<p>A erup\u00e7\u00e3o pode ocorrer de forma iminente, mas tamb\u00e9m pode demorar semanas, por isso as autoridades locais buscam modos de facilitar uma &#8220;evacua\u00e7\u00e3o a longo prazo&#8221; dos moradores hospedados em ref\u00fagios tempor\u00e1rios ou centros escolares, indicou Miranda.<\/p>\n<p>O pr\u00f3ximo passo, assegurou, ser\u00e1 retirar &#8220;os animais da zona de perigo com o objetivo de que os moradores n\u00e3o tenham que retornar \u00e0s aldeias para resgatar o gado&#8221;.<\/p>\n<p>Segundo o \u00faltimo comunicado da PHIVOLCS, o vulc\u00e3o &#8220;mostra uma relativa alta instabilidade e tem magma na cratera, sendo assim \u00e9 poss\u00edvel que ocorra uma erup\u00e7\u00e3o perigosa em quest\u00e3o de semanas ou inclusive dias&#8221;.<\/p>\n<p>A ag\u00eancia informou que a cratera &#8220;mostra um resplendor brilhante que indica o crescimento de um novo domo de lava e as primeiras correntes de lava para as ladeiras do lado sul&#8221;.<\/p>\n<p>Al\u00e9m de decretar a evacua\u00e7\u00e3o de pessoas e animais da zona de perigo, as autoridades restringiram o voo de avi\u00f5es nas imedia\u00e7\u00f5es.<\/p>\n<p>A atividade do Mayon foi notada na zona atrav\u00e9s de fortes estrondos e um intenso cheiro de \u00e1cido sulf\u00farico, segundo os testemunhos feitos \u00e0 imprensa pelos moradores das localidades divis\u00f3rias.<\/p>\n<p>No entanto, hoje o vulc\u00e3o deixou de desprender cinzas e desapareceu da vista pelo intenso nevoeiro que se misturou com as nuvens de gases que ainda emanam de sua cratera.<\/p>\n<p>A erup\u00e7\u00e3o mais potente na hist\u00f3ria da Filipinas e a segunda maior do mundo no s\u00e9culo 20 foi a do Pinatubo, em junho de 1991, que deixou cerca de 850 mortos e mais de 1 milh\u00e3o de afetados, al\u00e9m de gerar uma capa global de \u00e1cido sulf\u00farico que causou danos na atmosfera.<\/p>\n<p>O arquip\u00e9lago filipino, onde h\u00e1 23 vulc\u00f5es ativos, est\u00e1 localizado sobre uma zona de intensa atividade s\u00edsmica inscrita dentro do chamado &#8220;Anel de Fogo do Pac\u00edfico&#8221;, que se estende desde a costa oeste do continente americano at\u00e9 a Nova Zel\u00e2ndia, passando pelo Jap\u00e3o, Filipinas e Indon\u00e9sia.<\/p>\n<p>Fonte: Ag\u00eancia Brasil<\/p>\n","protected":false},"excerpt":{"rendered":"<p>As Filipinas est\u00e3o em alerta m\u00e1ximo devido ao vulc\u00e3o Mayon, que segundo especialistas pode entrar em erup\u00e7\u00e3o de maneira iminente ap\u00f3s ter liberado, durante o final de semana, espessas nuvens de cinzas e for\u00e7ar o deslocamento de milhares de pessoas. A ag\u00eancia sismol\u00f3gica das Filipinas (PHIVOLCS) elevou nessa segunda-feira, 15, para &#8220;cr\u00edtico&#8221; o n\u00edvel de [&hellip;]<\/p>\n","protected":false},"author":96,"featured_media":89557,"comment_status":"closed","ping_status":"closed","sticky":false,"template":"","format":"standard","meta":{"footnotes":""},"categories":[302],"tags":[],"class_list":["post-89558","post","type-post","status-publish","format-standard","has-post-thumbnail","hentry","category-brasil-mundo"],"_links":{"self":[{"href":"https:\/\/diarioregionaldigital.com.br\/index.php?rest_route=\/wp\/v2\/posts\/89558","targetHints":{"allow":["GET"]}}],"collection":[{"href":"https:\/\/diarioregionaldigital.com.br\/index.php?rest_route=\/wp\/v2\/posts"}],"about":[{"href":"https:\/\/diarioregionaldigital.com.br\/index.php?rest_route=\/wp\/v2\/types\/post"}],"author":[{"embeddable":true,"href":"https:\/\/diarioregionaldigital.com.br\/index.php?rest_route=\/wp\/v2\/users\/96"}],"replies":[{"embeddable":true,"href":"https:\/\/diarioregionaldigital.com.br\/index.php?rest_route=%2Fwp%2Fv2%2Fcomments&post=89558"}],"version-history":[{"count":0,"href":"https:\/\/diarioregionaldigital.com.br\/index.php?rest_route=\/wp\/v2\/posts\/89558\/revisions"}],"wp:featuredmedia":[{"embeddable":true,"href":"https:\/\/diarioregionaldigital.com.br\/index.php?rest_route=\/wp\/v2\/media\/89557"}],"wp:attachment":[{"href":"https:\/\/diarioregionaldigital.com.br\/index.php?rest_route=%2Fwp%2Fv2%2Fmedia&parent=89558"}],"wp:term":[{"taxonomy":"category","embeddable":true,"href":"https:\/\/diarioregionaldigital.com.br\/index.php?rest_route=%2Fwp%2Fv2%2Fcategories&post=89558"},{"taxonomy":"post_tag","embeddable":true,"href":"https:\/\/diarioregionaldigital.com.br\/index.php?rest_route=%2Fwp%2Fv2%2Ftags&post=89558"}],"curies":[{"name":"wp","href":"https:\/\/api.w.org\/{rel}","templated":true}]}}