{"id":89552,"date":"2018-01-15T15:26:30","date_gmt":"2018-01-15T17:26:30","guid":{"rendered":"http:\/\/diarioregionaljf.com.br\/2018\/01\/15\/motorista-embriagado-atropela-duas-pessoas-em-feira-na-avenida-brasil\/"},"modified":"2018-01-15T15:26:30","modified_gmt":"2018-01-15T17:26:30","slug":"motorista-embriagado-atropela-duas-pessoas-em-feira-na-avenida-brasil","status":"publish","type":"post","link":"https:\/\/diarioregionaldigital.com.br\/?p=89552","title":{"rendered":"Motorista embriagado atropela duas pessoas em feira na Avenida Brasil"},"content":{"rendered":"<p>Dois homens, de 56 e 72 anos, foram atropelados por um carro na manh\u00e3 deste domingo, 14, enquanto andavam por uma feira que ocorre na margem direita da Avenida Brasil, regi\u00e3o central de Juiz de Fora.<\/p>\n<p>Segundo informa\u00e7\u00f5es da Pol\u00edcia Militar (PM), o condutor, de 39 anos, relatou que se deslocava com seu carro, um Fiat Siena, em sentido ao bairro Nossa Senhora de Lourdes, na zona Leste, quando escutou um barulho e constatou ter atropelado as duas v\u00edtimas.<\/p>\n<p>O idoso de 72 anos relatou que encontrava-se no passeio juntamente com seu acompanhante quando foram atingidos pelo carro. Ele foi socorrido pelo Servi\u00e7o de Atendimento M\u00f3vel de Urg\u00eancia (SAMU) e levado para o Hospital de Pronto Socorro (HPS).<\/p>\n<p>Ao ser atingido, o homem de 56 anos foi jogado para o ch\u00e3o e bateu com a cabe\u00e7a, ficando desacordado. Ele tamb\u00e9m foi encaminhado para o HPS, em estado grave, ficando em observa\u00e7\u00e3o no Centro de Terapia Intensivo (CTI).<\/p>\n<p>O motorista se recusou a fazer o teste do baf\u00f4metro, por\u00e9m, apresentava indicativos de consumo de bebida alco\u00f3lica, como por exemplo, h\u00e1lito et\u00edlico, inclusive, chegou a afirmar ter ingerido mais de seis latas de cerveja. Ele foi preso em flagrante e teve sua carteira de habilita\u00e7\u00e3o recolhida. O carro foi removido e a per\u00edcia acionada.<\/p>\n","protected":false},"excerpt":{"rendered":"<p>Dois homens, de 56 e 72 anos, foram atropelados por um carro na manh\u00e3 deste domingo, 14, enquanto andavam por uma feira que ocorre na margem direita da Avenida Brasil, regi\u00e3o central de Juiz de Fora. Segundo informa\u00e7\u00f5es da Pol\u00edcia Militar (PM), o condutor, de 39 anos, relatou que se deslocava com seu carro, um [&hellip;]<\/p>\n","protected":false},"author":96,"featured_media":89551,"comment_status":"closed","ping_status":"closed","sticky":false,"template":"","format":"standard","meta":{"footnotes":""},"categories":[301],"tags":[],"class_list":["post-89552","post","type-post","status-publish","format-standard","has-post-thumbnail","hentry","category-artigos-policiais"],"_links":{"self":[{"href":"https:\/\/diarioregionaldigital.com.br\/index.php?rest_route=\/wp\/v2\/posts\/89552","targetHints":{"allow":["GET"]}}],"collection":[{"href":"https:\/\/diarioregionaldigital.com.br\/index.php?rest_route=\/wp\/v2\/posts"}],"about":[{"href":"https:\/\/diarioregionaldigital.com.br\/index.php?rest_route=\/wp\/v2\/types\/post"}],"author":[{"embeddable":true,"href":"https:\/\/diarioregionaldigital.com.br\/index.php?rest_route=\/wp\/v2\/users\/96"}],"replies":[{"embeddable":true,"href":"https:\/\/diarioregionaldigital.com.br\/index.php?rest_route=%2Fwp%2Fv2%2Fcomments&post=89552"}],"version-history":[{"count":0,"href":"https:\/\/diarioregionaldigital.com.br\/index.php?rest_route=\/wp\/v2\/posts\/89552\/revisions"}],"wp:featuredmedia":[{"embeddable":true,"href":"https:\/\/diarioregionaldigital.com.br\/index.php?rest_route=\/wp\/v2\/media\/89551"}],"wp:attachment":[{"href":"https:\/\/diarioregionaldigital.com.br\/index.php?rest_route=%2Fwp%2Fv2%2Fmedia&parent=89552"}],"wp:term":[{"taxonomy":"category","embeddable":true,"href":"https:\/\/diarioregionaldigital.com.br\/index.php?rest_route=%2Fwp%2Fv2%2Fcategories&post=89552"},{"taxonomy":"post_tag","embeddable":true,"href":"https:\/\/diarioregionaldigital.com.br\/index.php?rest_route=%2Fwp%2Fv2%2Ftags&post=89552"}],"curies":[{"name":"wp","href":"https:\/\/api.w.org\/{rel}","templated":true}]}}