{"id":89550,"date":"2018-01-15T14:46:10","date_gmt":"2018-01-15T16:46:10","guid":{"rendered":"http:\/\/diarioregionaljf.com.br\/2018\/01\/15\/funcionaria-e-agredida-por-hospede-em-hotel-na-avenida-getulio-vargas\/"},"modified":"2018-01-15T14:46:10","modified_gmt":"2018-01-15T16:46:10","slug":"funcionaria-e-agredida-por-hospede-em-hotel-na-avenida-getulio-vargas","status":"publish","type":"post","link":"https:\/\/diarioregionaldigital.com.br\/?p=89550","title":{"rendered":"Funcion\u00e1ria \u00e9 agredida por h\u00f3spede em hotel na Avenida Get\u00falio Vargas"},"content":{"rendered":"<p>Uma senhora de 63 anos, funcion\u00e1ria de um hotel, foi agredida por um h\u00f3spede na tarde deste domingo 14, dentro de um hotel onde trabalha, na Avenida Get\u00falio Vargas.<\/p>\n<p>De acordo com o registro de ocorr\u00eancias da Pol\u00edcia Militar (PM), a funcion\u00e1ria relatou que foi surpreendida pelo autor, um jovem de 27 anos, que usando de for\u00e7a f\u00edsica a levou para o quarto onde estava hospedado e a agrediu com v\u00e1rios socos no rosto.<\/p>\n<p>Posteriormente ao fato, a recepcionista do hotel, uma mulher de 33 anos relatou ter escutado algu\u00e9m chamar na recep\u00e7\u00e3o e ao chegar no local foi surpreendida pelo autor, que, alegando estar armado, subtraiu a quantia de R$510,00 e fugiu.<\/p>\n<p>Ela explicou \u00e0 PM que por volta das 8h da manh\u00e3, o autor deu entrada no hotel, com outro indiv\u00edduo, que realizaria programas na regi\u00e3o central da cidade. O acompanhante relatou que estava sem documentos, sendo registrado ent\u00e3o no nome do autor.<\/p>\n<p>A idosa v\u00edtima das agress\u00f5es estava com escoria\u00e7\u00f5es no rosto principalmente no olho esquerdo e nos l\u00e1bios. Ela foi socorrida e encaminhada para o Hospital de Pronto Atendimento (HPS).<\/p>\n<p>A Pol\u00edcia Militar teve acesso \u00e0s c\u00e2meras de monitoramento do hotel, que poder\u00e3o ser utilizadas em investiga\u00e7\u00f5es futuras.<\/p>\n<p>O autor n\u00e3o foi localizado.<\/p>\n","protected":false},"excerpt":{"rendered":"<p>Uma senhora de 63 anos, funcion\u00e1ria de um hotel, foi agredida por um h\u00f3spede na tarde deste domingo 14, dentro de um hotel onde trabalha, na Avenida Get\u00falio Vargas. De acordo com o registro de ocorr\u00eancias da Pol\u00edcia Militar (PM), a funcion\u00e1ria relatou que foi surpreendida pelo autor, um jovem de 27 anos, que usando [&hellip;]<\/p>\n","protected":false},"author":96,"featured_media":89549,"comment_status":"closed","ping_status":"closed","sticky":false,"template":"","format":"standard","meta":{"footnotes":""},"categories":[301],"tags":[],"class_list":["post-89550","post","type-post","status-publish","format-standard","has-post-thumbnail","hentry","category-artigos-policiais"],"_links":{"self":[{"href":"https:\/\/diarioregionaldigital.com.br\/index.php?rest_route=\/wp\/v2\/posts\/89550","targetHints":{"allow":["GET"]}}],"collection":[{"href":"https:\/\/diarioregionaldigital.com.br\/index.php?rest_route=\/wp\/v2\/posts"}],"about":[{"href":"https:\/\/diarioregionaldigital.com.br\/index.php?rest_route=\/wp\/v2\/types\/post"}],"author":[{"embeddable":true,"href":"https:\/\/diarioregionaldigital.com.br\/index.php?rest_route=\/wp\/v2\/users\/96"}],"replies":[{"embeddable":true,"href":"https:\/\/diarioregionaldigital.com.br\/index.php?rest_route=%2Fwp%2Fv2%2Fcomments&post=89550"}],"version-history":[{"count":0,"href":"https:\/\/diarioregionaldigital.com.br\/index.php?rest_route=\/wp\/v2\/posts\/89550\/revisions"}],"wp:featuredmedia":[{"embeddable":true,"href":"https:\/\/diarioregionaldigital.com.br\/index.php?rest_route=\/wp\/v2\/media\/89549"}],"wp:attachment":[{"href":"https:\/\/diarioregionaldigital.com.br\/index.php?rest_route=%2Fwp%2Fv2%2Fmedia&parent=89550"}],"wp:term":[{"taxonomy":"category","embeddable":true,"href":"https:\/\/diarioregionaldigital.com.br\/index.php?rest_route=%2Fwp%2Fv2%2Fcategories&post=89550"},{"taxonomy":"post_tag","embeddable":true,"href":"https:\/\/diarioregionaldigital.com.br\/index.php?rest_route=%2Fwp%2Fv2%2Ftags&post=89550"}],"curies":[{"name":"wp","href":"https:\/\/api.w.org\/{rel}","templated":true}]}}