{"id":89548,"date":"2018-01-15T14:03:49","date_gmt":"2018-01-15T16:03:49","guid":{"rendered":"http:\/\/diarioregionaljf.com.br\/2018\/01\/15\/jovem-e-morto-com-sete-tiros-na-cabeca-e-rosto-no-bairro-jardim-natal\/"},"modified":"2018-01-15T14:03:49","modified_gmt":"2018-01-15T16:03:49","slug":"jovem-e-morto-com-sete-tiros-na-cabeca-e-rosto-no-bairro-jardim-natal","status":"publish","type":"post","link":"https:\/\/diarioregionaldigital.com.br\/?p=89548","title":{"rendered":"Jovem \u00e9 morto com sete tiros na cabe\u00e7a e rosto no bairro Jardim Natal"},"content":{"rendered":"<p>Um jovem de 19 anos foi v\u00edtima de homic\u00eddio na tarde deste domingo, 14, no bairro Jardim Natal, localizado na zona Norte da cidade.<\/p>\n<p>Segundo informa\u00e7\u00f5es da Pol\u00edcia Militar (PM), ap\u00f3s den\u00fancias an\u00f4nimas uma viatura se deslocou at\u00e9 a Rua Ant\u00f4nio Carlo da Silva, encontrando a v\u00edtima j\u00e1 sem sinais vitais.<\/p>\n<p>O Servi\u00e7o de Atendimento M\u00f3vel de Urg\u00eancia (SAMU) foi acionado e os m\u00e9dicos constataram o \u00f3bito. Foram identificadas sete perfura\u00e7\u00f5es na cabe\u00e7a e no rosto da v\u00edtima.<\/p>\n<p>A per\u00edcia compareceu ao local e realizou os trabalhos de praxe.<\/p>\n<p>Uma funer\u00e1ria removeu e encaminhou o corpo para o Instituto M\u00e9dico Legal (IML).<\/p>\n<p>Nenhum suspeito da autoria do crime foi preso.<\/p>\n","protected":false},"excerpt":{"rendered":"<p>Um jovem de 19 anos foi v\u00edtima de homic\u00eddio na tarde deste domingo, 14, no bairro Jardim Natal, localizado na zona Norte da cidade. Segundo informa\u00e7\u00f5es da Pol\u00edcia Militar (PM), ap\u00f3s den\u00fancias an\u00f4nimas uma viatura se deslocou at\u00e9 a Rua Ant\u00f4nio Carlo da Silva, encontrando a v\u00edtima j\u00e1 sem sinais vitais. O Servi\u00e7o de Atendimento [&hellip;]<\/p>\n","protected":false},"author":96,"featured_media":89547,"comment_status":"closed","ping_status":"closed","sticky":false,"template":"","format":"standard","meta":{"footnotes":""},"categories":[301],"tags":[],"class_list":["post-89548","post","type-post","status-publish","format-standard","has-post-thumbnail","hentry","category-artigos-policiais"],"_links":{"self":[{"href":"https:\/\/diarioregionaldigital.com.br\/index.php?rest_route=\/wp\/v2\/posts\/89548","targetHints":{"allow":["GET"]}}],"collection":[{"href":"https:\/\/diarioregionaldigital.com.br\/index.php?rest_route=\/wp\/v2\/posts"}],"about":[{"href":"https:\/\/diarioregionaldigital.com.br\/index.php?rest_route=\/wp\/v2\/types\/post"}],"author":[{"embeddable":true,"href":"https:\/\/diarioregionaldigital.com.br\/index.php?rest_route=\/wp\/v2\/users\/96"}],"replies":[{"embeddable":true,"href":"https:\/\/diarioregionaldigital.com.br\/index.php?rest_route=%2Fwp%2Fv2%2Fcomments&post=89548"}],"version-history":[{"count":0,"href":"https:\/\/diarioregionaldigital.com.br\/index.php?rest_route=\/wp\/v2\/posts\/89548\/revisions"}],"wp:featuredmedia":[{"embeddable":true,"href":"https:\/\/diarioregionaldigital.com.br\/index.php?rest_route=\/wp\/v2\/media\/89547"}],"wp:attachment":[{"href":"https:\/\/diarioregionaldigital.com.br\/index.php?rest_route=%2Fwp%2Fv2%2Fmedia&parent=89548"}],"wp:term":[{"taxonomy":"category","embeddable":true,"href":"https:\/\/diarioregionaldigital.com.br\/index.php?rest_route=%2Fwp%2Fv2%2Fcategories&post=89548"},{"taxonomy":"post_tag","embeddable":true,"href":"https:\/\/diarioregionaldigital.com.br\/index.php?rest_route=%2Fwp%2Fv2%2Ftags&post=89548"}],"curies":[{"name":"wp","href":"https:\/\/api.w.org\/{rel}","templated":true}]}}