{"id":89546,"date":"2018-01-15T13:39:15","date_gmt":"2018-01-15T15:39:15","guid":{"rendered":"http:\/\/diarioregionaljf.com.br\/2018\/01\/15\/avenida-brasil-esta-liberada-apos-acidente-envolvendo-kombi\/"},"modified":"2018-01-15T13:39:15","modified_gmt":"2018-01-15T15:39:15","slug":"avenida-brasil-esta-liberada-apos-acidente-envolvendo-kombi","status":"publish","type":"post","link":"https:\/\/diarioregionaldigital.com.br\/?p=89546","title":{"rendered":"Avenida Brasil est\u00e1 liberada ap\u00f3s acidente envolvendo Kombi"},"content":{"rendered":"<p>A Secretaria de Transporte e Tr\u00e2nsito (Settra) informa que a Avenida Brasil est\u00e1 liberada para o tr\u00e1fego de ve\u00edculos. Durante o fim da noite de ontem e in\u00edcio desta manh\u00e3 a via ficou interditada por um acidente, em que <a href=\"policial\/23109-batida-de-kombi-em-poste-na-avenida-brasil-deixa-quatro-feridos\">uma kombi se chocou com um poste de energia el\u00e9trica<\/a>, com o impacto, o equipamento caiu.<\/p>\n<p>Fonte: Assessoria<\/p>\n","protected":false},"excerpt":{"rendered":"<p>A Secretaria de Transporte e Tr\u00e2nsito (Settra) informa que a Avenida Brasil est\u00e1 liberada para o tr\u00e1fego de ve\u00edculos. Durante o fim da noite de ontem e in\u00edcio desta manh\u00e3 a via ficou interditada por um acidente, em que uma kombi se chocou com um poste de energia el\u00e9trica, com o impacto, o equipamento caiu. [&hellip;]<\/p>\n","protected":false},"author":96,"featured_media":89545,"comment_status":"closed","ping_status":"closed","sticky":false,"template":"","format":"standard","meta":{"footnotes":""},"categories":[253],"tags":[],"class_list":["post-89546","post","type-post","status-publish","format-standard","has-post-thumbnail","hentry","category-cidade"],"_links":{"self":[{"href":"https:\/\/diarioregionaldigital.com.br\/index.php?rest_route=\/wp\/v2\/posts\/89546","targetHints":{"allow":["GET"]}}],"collection":[{"href":"https:\/\/diarioregionaldigital.com.br\/index.php?rest_route=\/wp\/v2\/posts"}],"about":[{"href":"https:\/\/diarioregionaldigital.com.br\/index.php?rest_route=\/wp\/v2\/types\/post"}],"author":[{"embeddable":true,"href":"https:\/\/diarioregionaldigital.com.br\/index.php?rest_route=\/wp\/v2\/users\/96"}],"replies":[{"embeddable":true,"href":"https:\/\/diarioregionaldigital.com.br\/index.php?rest_route=%2Fwp%2Fv2%2Fcomments&post=89546"}],"version-history":[{"count":0,"href":"https:\/\/diarioregionaldigital.com.br\/index.php?rest_route=\/wp\/v2\/posts\/89546\/revisions"}],"wp:featuredmedia":[{"embeddable":true,"href":"https:\/\/diarioregionaldigital.com.br\/index.php?rest_route=\/wp\/v2\/media\/89545"}],"wp:attachment":[{"href":"https:\/\/diarioregionaldigital.com.br\/index.php?rest_route=%2Fwp%2Fv2%2Fmedia&parent=89546"}],"wp:term":[{"taxonomy":"category","embeddable":true,"href":"https:\/\/diarioregionaldigital.com.br\/index.php?rest_route=%2Fwp%2Fv2%2Fcategories&post=89546"},{"taxonomy":"post_tag","embeddable":true,"href":"https:\/\/diarioregionaldigital.com.br\/index.php?rest_route=%2Fwp%2Fv2%2Ftags&post=89546"}],"curies":[{"name":"wp","href":"https:\/\/api.w.org\/{rel}","templated":true}]}}