{"id":89544,"date":"2018-01-15T13:30:41","date_gmt":"2018-01-15T15:30:41","guid":{"rendered":"http:\/\/diarioregionaljf.com.br\/2018\/01\/15\/pm-prende-cinco-envolvidos-em-assalto-a-padaria-no-benfica\/"},"modified":"2018-01-15T13:30:41","modified_gmt":"2018-01-15T15:30:41","slug":"pm-prende-cinco-envolvidos-em-assalto-a-padaria-no-benfica","status":"publish","type":"post","link":"https:\/\/diarioregionaldigital.com.br\/?p=89544","title":{"rendered":"PM prende cinco envolvidos em assalto \u00e0 padaria no Benfica"},"content":{"rendered":"<p>Uma padaria foi assaltada no in\u00edcio da noite deste domingo, 14, no bairro Benfica, localizado na zona Norte da cidade. O estabelecimento fica localizado na Avenida Juscelino Kubitschek.<\/p>\n<p>De acordo com o registro de ocorr\u00eancia, um jovem de 17 anos, armado com um rev\u00f3lver e usando um capacete, entrou na padaria e anunciou o assalto. Ele roubou uma quantia em dinheiro e dois celulares e fugiu em um ve\u00edculo Fiat P\u00e1lio.<\/p>\n<p>Acionados pelo centro de opera\u00e7\u00f5es a Pol\u00edcia Militar (PM), viaturas do 27\u00ba Batalh\u00e3o iniciaram buscas pela regi\u00e3o, vindo a identificar o carro na Avenida Sime\u00e3o de Faria. O ve\u00edculo ficou sem gasolina e o autor de 17, mais um menor de 17 anos e um jovem de 18, foram abordados pela PM. No interior do carro foi localizada a quantia de R$134 e os dois celulares roubados da padaria. Os tr\u00eas envolvidos assumiram os atos e informaram aos policiais que pegaram o carro, o capacete e a arma, utilizados no crime, com outros indiv\u00edduos.<\/p>\n<p>Diante de tais informa\u00e7\u00f5es, a PM seguiu em busca dos indiv\u00edduos indicados pelos autores. Um homem de 41 anos foi preso ao ser identificado como o respons\u00e1vel pelo empr\u00e9stimo do carro em troca de 20 pedras de crack. Um menor de 16 anos foi identificado e apreendido no bairro Miguel Marinho ao ser identificado como o respons\u00e1vel pelo empr\u00e9stimo do rev\u00f3lver e do capacete.<\/p>\n<p>O ve\u00edculo foi apreendido, juntamente com o capacete e os materiais roubados.<\/p>\n<p>Todos os envolvidos foram encaminhados para a delegacia.<\/p>\n<p><img loading=\"lazy\" decoding=\"async\" class=\" size-full wp-image-89543\" src=\"http:\/\/diarioregionaljf.com.br\/wp-content\/uploads\/2018\/01\/diario-int-23091-1.jpeg\" alt=\"WhatsApp Image 2018 01 15 at 04.19.21\" width=\"482\" height=\"271\" srcset=\"https:\/\/diarioregionaldigital.com.br\/wp-content\/uploads\/2018\/01\/diario-int-23091-1.jpeg 1032w, https:\/\/diarioregionaldigital.com.br\/wp-content\/uploads\/2018\/01\/diario-int-23091-1-300x169.jpeg 300w, https:\/\/diarioregionaldigital.com.br\/wp-content\/uploads\/2018\/01\/diario-int-23091-1-768x432.jpeg 768w, https:\/\/diarioregionaldigital.com.br\/wp-content\/uploads\/2018\/01\/diario-int-23091-1-1024x576.jpeg 1024w, https:\/\/diarioregionaldigital.com.br\/wp-content\/uploads\/2018\/01\/diario-int-23091-1-360x203.jpeg 360w\" sizes=\"auto, (max-width: 482px) 100vw, 482px\" \/><\/p>\n","protected":false},"excerpt":{"rendered":"<p>Uma padaria foi assaltada no in\u00edcio da noite deste domingo, 14, no bairro Benfica, localizado na zona Norte da cidade. O estabelecimento fica localizado na Avenida Juscelino Kubitschek. De acordo com o registro de ocorr\u00eancia, um jovem de 17 anos, armado com um rev\u00f3lver e usando um capacete, entrou na padaria e anunciou o assalto. [&hellip;]<\/p>\n","protected":false},"author":96,"featured_media":89542,"comment_status":"closed","ping_status":"closed","sticky":false,"template":"","format":"standard","meta":{"footnotes":""},"categories":[301],"tags":[],"class_list":["post-89544","post","type-post","status-publish","format-standard","has-post-thumbnail","hentry","category-artigos-policiais"],"_links":{"self":[{"href":"https:\/\/diarioregionaldigital.com.br\/index.php?rest_route=\/wp\/v2\/posts\/89544","targetHints":{"allow":["GET"]}}],"collection":[{"href":"https:\/\/diarioregionaldigital.com.br\/index.php?rest_route=\/wp\/v2\/posts"}],"about":[{"href":"https:\/\/diarioregionaldigital.com.br\/index.php?rest_route=\/wp\/v2\/types\/post"}],"author":[{"embeddable":true,"href":"https:\/\/diarioregionaldigital.com.br\/index.php?rest_route=\/wp\/v2\/users\/96"}],"replies":[{"embeddable":true,"href":"https:\/\/diarioregionaldigital.com.br\/index.php?rest_route=%2Fwp%2Fv2%2Fcomments&post=89544"}],"version-history":[{"count":0,"href":"https:\/\/diarioregionaldigital.com.br\/index.php?rest_route=\/wp\/v2\/posts\/89544\/revisions"}],"wp:featuredmedia":[{"embeddable":true,"href":"https:\/\/diarioregionaldigital.com.br\/index.php?rest_route=\/wp\/v2\/media\/89542"}],"wp:attachment":[{"href":"https:\/\/diarioregionaldigital.com.br\/index.php?rest_route=%2Fwp%2Fv2%2Fmedia&parent=89544"}],"wp:term":[{"taxonomy":"category","embeddable":true,"href":"https:\/\/diarioregionaldigital.com.br\/index.php?rest_route=%2Fwp%2Fv2%2Fcategories&post=89544"},{"taxonomy":"post_tag","embeddable":true,"href":"https:\/\/diarioregionaldigital.com.br\/index.php?rest_route=%2Fwp%2Fv2%2Ftags&post=89544"}],"curies":[{"name":"wp","href":"https:\/\/api.w.org\/{rel}","templated":true}]}}