{"id":89541,"date":"2018-01-15T12:24:47","date_gmt":"2018-01-15T14:24:47","guid":{"rendered":"http:\/\/diarioregionaljf.com.br\/2018\/01\/15\/homem-morre-ao-ser-atingido-por-trem-em-passarela-no-bairro-araujo\/"},"modified":"2018-01-15T12:24:47","modified_gmt":"2018-01-15T14:24:47","slug":"homem-morre-ao-ser-atingido-por-trem-em-passarela-no-bairro-araujo","status":"publish","type":"post","link":"https:\/\/diarioregionaldigital.com.br\/?p=89541","title":{"rendered":"Homem morre ao ser atingido por trem em passarela no bairro Ara\u00fajo"},"content":{"rendered":"<p>Um homem de 42 anos morreu ao ser atropelado pelo trem na noite deste domingo, 14. O fato ocorreu na Avenida Juscelino Kubitschek, em uma passarela da via f\u00e9rrea do bairro Ara\u00fajo, localizado na zona Norte.<\/p>\n<p>De acordo com o registro de ocorr\u00eancia da Pol\u00edcia Militar (PM), o condutor do trem, de 41 anos, relatou que a v\u00edtima encontrava-se deitado entre os trilhos do trem. Ele acionou o sinal sonoro e o sistema de freio da locomotiva, contudo n\u00e3o foi poss\u00edvel evitar o atropelamento.<\/p>\n<p>O Corpo de bombeiros resgatou a v\u00edtima ainda com vida, com ferimento no p\u00e9 esquerdo e traumatismo craniano. Ele foi encaminhado para o Hospital de Pronto Socorro (HPS), entretanto, n\u00e3o resistiu ap\u00f3s ferimentos e veio a \u00f3bito.<\/p>\n<p>De acordo com nota da MRS, empresa respons\u00e1vel pelo trem, \u201co acidente se deu no que chamamos de &#8220;trecho corrido&#8221;, ou seja, a \u00e1rea da ferrovia exclusiva para opera\u00e7\u00e3o ferrovi\u00e1ria, com acesso proibido para pedestres ou ve\u00edculos. Quanto \u00e0 opera\u00e7\u00e3o ferrovi\u00e1ria, estava tudo dentro dos padr\u00f5es de seguran\u00e7a usuais (sinos, luzes, acionamento da buzina, velocidade compat\u00edvel) e a atua\u00e7\u00e3o do maquinista foi precisa. Na maioria dos casos a massa da composi\u00e7\u00e3o impede a frenagem a tempo.\u201d<\/p>\n","protected":false},"excerpt":{"rendered":"<p>Um homem de 42 anos morreu ao ser atropelado pelo trem na noite deste domingo, 14. O fato ocorreu na Avenida Juscelino Kubitschek, em uma passarela da via f\u00e9rrea do bairro Ara\u00fajo, localizado na zona Norte. De acordo com o registro de ocorr\u00eancia da Pol\u00edcia Militar (PM), o condutor do trem, de 41 anos, relatou [&hellip;]<\/p>\n","protected":false},"author":96,"featured_media":89540,"comment_status":"closed","ping_status":"closed","sticky":false,"template":"","format":"standard","meta":{"footnotes":""},"categories":[301],"tags":[],"class_list":["post-89541","post","type-post","status-publish","format-standard","has-post-thumbnail","hentry","category-artigos-policiais"],"_links":{"self":[{"href":"https:\/\/diarioregionaldigital.com.br\/index.php?rest_route=\/wp\/v2\/posts\/89541","targetHints":{"allow":["GET"]}}],"collection":[{"href":"https:\/\/diarioregionaldigital.com.br\/index.php?rest_route=\/wp\/v2\/posts"}],"about":[{"href":"https:\/\/diarioregionaldigital.com.br\/index.php?rest_route=\/wp\/v2\/types\/post"}],"author":[{"embeddable":true,"href":"https:\/\/diarioregionaldigital.com.br\/index.php?rest_route=\/wp\/v2\/users\/96"}],"replies":[{"embeddable":true,"href":"https:\/\/diarioregionaldigital.com.br\/index.php?rest_route=%2Fwp%2Fv2%2Fcomments&post=89541"}],"version-history":[{"count":0,"href":"https:\/\/diarioregionaldigital.com.br\/index.php?rest_route=\/wp\/v2\/posts\/89541\/revisions"}],"wp:featuredmedia":[{"embeddable":true,"href":"https:\/\/diarioregionaldigital.com.br\/index.php?rest_route=\/wp\/v2\/media\/89540"}],"wp:attachment":[{"href":"https:\/\/diarioregionaldigital.com.br\/index.php?rest_route=%2Fwp%2Fv2%2Fmedia&parent=89541"}],"wp:term":[{"taxonomy":"category","embeddable":true,"href":"https:\/\/diarioregionaldigital.com.br\/index.php?rest_route=%2Fwp%2Fv2%2Fcategories&post=89541"},{"taxonomy":"post_tag","embeddable":true,"href":"https:\/\/diarioregionaldigital.com.br\/index.php?rest_route=%2Fwp%2Fv2%2Ftags&post=89541"}],"curies":[{"name":"wp","href":"https:\/\/api.w.org\/{rel}","templated":true}]}}