{"id":89539,"date":"2018-01-15T12:09:31","date_gmt":"2018-01-15T14:09:31","guid":{"rendered":"http:\/\/diarioregionaljf.com.br\/2018\/01\/15\/motociclista-com-carona-fura-bloqueio-e-ambos-morrem-ao-bater-em-poste-caido-na-avenida-brasil\/"},"modified":"2018-01-15T12:09:31","modified_gmt":"2018-01-15T14:09:31","slug":"motociclista-com-carona-fura-bloqueio-e-ambos-morrem-ao-bater-em-poste-caido-na-avenida-brasil","status":"publish","type":"post","link":"https:\/\/diarioregionaldigital.com.br\/?p=89539","title":{"rendered":"Motociclista com carona fura bloqueio e ambos morrem ao bater em poste ca\u00eddo na Avenida Brasil"},"content":{"rendered":"<p>Duas pessoas morreram em um acidente com motocicleta na madrugada desta segunda-feira, 15, na margem direita Avenida Brasil, pr\u00f3ximo ao Terreir\u00e3o do Samba, regi\u00e3o central da cidade.<\/p>\n<p>Por volta das 21h30 do domingo 14,<a href=\"policial\/23109-batida-de-kombi-em-poste-na-avenida-brasil-deixa-quatro-feridos\"> uma Kombi com quatro pessoas chocou-se contra um poste na Avenida Brasil<\/a>, ocasionando a sua queda na pista. O poste n\u00e3o foi removido e uma viatura da Pol\u00edcia Militar (PM) se instalou no local a fim de realizar bloqueio na \u00e1rea.<\/p>\n<p>Por\u00e9m, por volta das 2h da madrugada desta segunda, um motociclista de 31 anos com um carona, ainda n\u00e3o identificado, seguiram pela pista bloqueada em alta velocidade. Integrantes da viatura da PM sinalizaram para o motorista a fim de indicar o bloqueio, entretanto, n\u00e3o foi visualizado.<\/p>\n<p>O motorista e o carona chocaram-se contra o poste ca\u00eddo ao solo e com a batida vieram a \u00f3bito no local.<\/p>\n<p>A per\u00edcia compareceu ao local realizando os trabalhos de praxe.<\/p>\n<p>Os corpos foram removidos por uma funer\u00e1ria at\u00e9 o Instituto M\u00e9dico Legal (IML).<\/p>\n<p>O ve\u00edculo foi apreendido e removido.<\/p>\n","protected":false},"excerpt":{"rendered":"<p>Duas pessoas morreram em um acidente com motocicleta na madrugada desta segunda-feira, 15, na margem direita Avenida Brasil, pr\u00f3ximo ao Terreir\u00e3o do Samba, regi\u00e3o central da cidade. Por volta das 21h30 do domingo 14, uma Kombi com quatro pessoas chocou-se contra um poste na Avenida Brasil, ocasionando a sua queda na pista. O poste n\u00e3o [&hellip;]<\/p>\n","protected":false},"author":96,"featured_media":89538,"comment_status":"closed","ping_status":"closed","sticky":false,"template":"","format":"standard","meta":{"footnotes":""},"categories":[301],"tags":[],"class_list":["post-89539","post","type-post","status-publish","format-standard","has-post-thumbnail","hentry","category-artigos-policiais"],"_links":{"self":[{"href":"https:\/\/diarioregionaldigital.com.br\/index.php?rest_route=\/wp\/v2\/posts\/89539","targetHints":{"allow":["GET"]}}],"collection":[{"href":"https:\/\/diarioregionaldigital.com.br\/index.php?rest_route=\/wp\/v2\/posts"}],"about":[{"href":"https:\/\/diarioregionaldigital.com.br\/index.php?rest_route=\/wp\/v2\/types\/post"}],"author":[{"embeddable":true,"href":"https:\/\/diarioregionaldigital.com.br\/index.php?rest_route=\/wp\/v2\/users\/96"}],"replies":[{"embeddable":true,"href":"https:\/\/diarioregionaldigital.com.br\/index.php?rest_route=%2Fwp%2Fv2%2Fcomments&post=89539"}],"version-history":[{"count":0,"href":"https:\/\/diarioregionaldigital.com.br\/index.php?rest_route=\/wp\/v2\/posts\/89539\/revisions"}],"wp:featuredmedia":[{"embeddable":true,"href":"https:\/\/diarioregionaldigital.com.br\/index.php?rest_route=\/wp\/v2\/media\/89538"}],"wp:attachment":[{"href":"https:\/\/diarioregionaldigital.com.br\/index.php?rest_route=%2Fwp%2Fv2%2Fmedia&parent=89539"}],"wp:term":[{"taxonomy":"category","embeddable":true,"href":"https:\/\/diarioregionaldigital.com.br\/index.php?rest_route=%2Fwp%2Fv2%2Fcategories&post=89539"},{"taxonomy":"post_tag","embeddable":true,"href":"https:\/\/diarioregionaldigital.com.br\/index.php?rest_route=%2Fwp%2Fv2%2Ftags&post=89539"}],"curies":[{"name":"wp","href":"https:\/\/api.w.org\/{rel}","templated":true}]}}