{"id":89537,"date":"2018-01-15T11:17:33","date_gmt":"2018-01-15T13:17:33","guid":{"rendered":"http:\/\/diarioregionaljf.com.br\/2018\/01\/15\/batida-de-kombi-em-poste-na-avenida-brasil-deixa-quatro-feridos\/"},"modified":"2018-01-15T11:17:33","modified_gmt":"2018-01-15T13:17:33","slug":"batida-de-kombi-em-poste-na-avenida-brasil-deixa-quatro-feridos","status":"publish","type":"post","link":"https:\/\/diarioregionaldigital.com.br\/?p=89537","title":{"rendered":"Batida de Kombi em poste na Avenida Brasil deixa quatro feridos"},"content":{"rendered":"<p>Um acidente envolvendo uma Kombi deixou quatro pessoas feridas na noite deste domingo, 14, na Avenida Brasil, pr\u00f3ximo ao Terreir\u00e3o do Samba, regi\u00e3o central da cidade.<\/p>\n<p>De acordo com o registro da ocorr\u00eancia, o motorista da Kombi, de 58 anos, relatou que outro ve\u00edculo o fechou na pista e por isso perdeu o controle vindo a chocar-se contra um poste de ilumina\u00e7\u00e3o p\u00fablica da via. Ele sofreu escoria\u00e7\u00f5es e uma fratura exposta, sendo encaminhado para o Hospital de Pronto Socorro (HPS).<\/p>\n<p>Os outros tr\u00eas passageiros, uma homem de 39 anos e duas mulheres, ambas de 68 anos, tamb\u00e9m sofreram ferimentos. O homem sofreu uma fratura no bra\u00e7o esquerdo, uma das mulheres ficou presa \u00e0s ferragens e a outra com escoria\u00e7\u00f5es. Todos foram imobilizados, retirados do ve\u00edculo e encaminhados para o HPS, Maternidade Terezinha de Jesus e Unidade de Pronto Atendimento (UPA) Norte.<\/p>\n<p>Com a batida, o poste veio a cair ficando atravessado na via. Bombeiros e Cemig foram acionados para o local para os servi\u00e7os. Energia da fia\u00e7\u00e3o ca\u00edda foi desligada, mas o poste n\u00e3o foi retirado, permanecendo na via. Viatura Pol\u00edcia Militar (PM) permaneceu no bloqueio da via.<\/p>\n<p>A Secretaria de Transporte e Tr\u00e2nsito (Settra) informou por meio de nota, que a Avenida Brasil pr\u00f3ximo a entrada Prefeitura de Juiz de Fora est\u00e1 totalmente interditada. A interdi\u00e7\u00e3o foi motivada por um acidente, uma kombi se chocou com um poste de energia el\u00e9trica, com o impacto, o equipamento caiu, a Cemig j\u00e1 foi acionada. O desvio est\u00e1 sendo feito pela ponte Wilson Jabour J\u00fanior e agentes de fiscaliza\u00e7\u00e3o de transporte e tr\u00e2nsito est\u00e3o monitorando a regi\u00e3o para garantir a fluidez do tr\u00e2nsito. O acesso \u00e0 Prefeitura est\u00e1 sendo pela Rua Calil Ahouagi.<\/p>\n","protected":false},"excerpt":{"rendered":"<p>Um acidente envolvendo uma Kombi deixou quatro pessoas feridas na noite deste domingo, 14, na Avenida Brasil, pr\u00f3ximo ao Terreir\u00e3o do Samba, regi\u00e3o central da cidade. De acordo com o registro da ocorr\u00eancia, o motorista da Kombi, de 58 anos, relatou que outro ve\u00edculo o fechou na pista e por isso perdeu o controle vindo [&hellip;]<\/p>\n","protected":false},"author":96,"featured_media":89536,"comment_status":"closed","ping_status":"closed","sticky":false,"template":"","format":"standard","meta":{"footnotes":""},"categories":[301],"tags":[],"class_list":["post-89537","post","type-post","status-publish","format-standard","has-post-thumbnail","hentry","category-artigos-policiais"],"_links":{"self":[{"href":"https:\/\/diarioregionaldigital.com.br\/index.php?rest_route=\/wp\/v2\/posts\/89537","targetHints":{"allow":["GET"]}}],"collection":[{"href":"https:\/\/diarioregionaldigital.com.br\/index.php?rest_route=\/wp\/v2\/posts"}],"about":[{"href":"https:\/\/diarioregionaldigital.com.br\/index.php?rest_route=\/wp\/v2\/types\/post"}],"author":[{"embeddable":true,"href":"https:\/\/diarioregionaldigital.com.br\/index.php?rest_route=\/wp\/v2\/users\/96"}],"replies":[{"embeddable":true,"href":"https:\/\/diarioregionaldigital.com.br\/index.php?rest_route=%2Fwp%2Fv2%2Fcomments&post=89537"}],"version-history":[{"count":0,"href":"https:\/\/diarioregionaldigital.com.br\/index.php?rest_route=\/wp\/v2\/posts\/89537\/revisions"}],"wp:featuredmedia":[{"embeddable":true,"href":"https:\/\/diarioregionaldigital.com.br\/index.php?rest_route=\/wp\/v2\/media\/89536"}],"wp:attachment":[{"href":"https:\/\/diarioregionaldigital.com.br\/index.php?rest_route=%2Fwp%2Fv2%2Fmedia&parent=89537"}],"wp:term":[{"taxonomy":"category","embeddable":true,"href":"https:\/\/diarioregionaldigital.com.br\/index.php?rest_route=%2Fwp%2Fv2%2Fcategories&post=89537"},{"taxonomy":"post_tag","embeddable":true,"href":"https:\/\/diarioregionaldigital.com.br\/index.php?rest_route=%2Fwp%2Fv2%2Ftags&post=89537"}],"curies":[{"name":"wp","href":"https:\/\/api.w.org\/{rel}","templated":true}]}}