{"id":89533,"date":"2018-01-15T02:22:26","date_gmt":"2018-01-15T04:22:26","guid":{"rendered":"http:\/\/diarioregionaljf.com.br\/2018\/01\/15\/confira-quem-podera-receber-ate-r-3-000-antes-da-reforma\/"},"modified":"2018-01-15T02:22:26","modified_gmt":"2018-01-15T04:22:26","slug":"confira-quem-podera-receber-ate-r-3-000-antes-da-reforma","status":"publish","type":"post","link":"https:\/\/diarioregionaldigital.com.br\/?p=89533","title":{"rendered":"Confira quem poder\u00e1 receber at\u00e9 R$3.000 antes da reforma"},"content":{"rendered":"<p>Os trabalhadores que completarem as condi\u00e7\u00f5es de se aposentar antes da reforma da Previd\u00eancia ter\u00e3o os benef\u00edcios calculados pelas regras atuais do Instituto Nacional do Seguro Social (INSS). Isso quer dizer que, caso pe\u00e7am a aposentadoria por tempo de contribui\u00e7\u00e3o, podem ter o desconto do fator previdenci\u00e1rio aplicado sobre sua futura renda.<\/p>\n<p>Hoje para pedir a aposentadoria por tempo de contribui\u00e7\u00e3o, \u00e9 necess\u00e1rio ter 30 anos de recolhimentos ao INSS, no caso das mulheres, e de 35 anos, no caso dos homens.&nbsp;N\u00e3o \u00e9 necess\u00e1rio completar idade m\u00ednima.<\/p>\n<p>Ap\u00f3s calcular a m\u00e9dia salarial do segurado, com as 80% maiores contribui\u00e7\u00f5es feitas desde julho de 1994, o INSS multiplica o valor pelo fator previdenci\u00e1rio.<\/p>\n<p>Este \u00edndice leva em considera\u00e7\u00e3o o tempo de contribui\u00e7\u00e3o, a idade e a expectativa de vida do trabalhador ao se aposentar. Quanto mais novo e menos tempo de INSS tiver, maior ser\u00e1 o desconto do fator sobre o seu benef\u00edcio.<\/p>\n<p>Ou seja, para garantir uma aposentadoria de R$3.000, o trabalhador ter\u00e1 que ter uma m\u00e9dia salarial bem superior a isso. \u00c9 o caso do homem que se aposenta com 54 anos de idade e 35 anos de contribui\u00e7\u00e3o. Sua m\u00e9dia salarial deve ser de R$4.528,62 para garantir uma aposentadoria de R$3.000, conforme c\u00e1lculo feito a partir da tabela vigente do fator previdenci\u00e1rio.<\/p>\n<p>S\u00f3 escapa do fator e garante o benef\u00edcio igual \u00e0 m\u00e9dia salarial o segurado que conseguir atingir as condi\u00e7\u00f5es exigidas pela f\u00f3rmula 85\/95. Caso a reforma seja aprovada, o fator previdenci\u00e1rio e a regra 85\/95 deixar\u00e3o de assistir.<\/p>\n<p>O governo espera que a primeira vota\u00e7\u00e3o na C\u00e2mara ocorra no m\u00eas que vem. S\u00e3o necess\u00e1rios 308 votos em dois turnos para que o projeto siga para an\u00e1lise dos senadores.<\/p>\n<hr \/>\n<p>&nbsp;Fonte: Da reda\u00e7\u00e3o\/Colabora\u00e7\u00e3o<\/p>\n","protected":false},"excerpt":{"rendered":"<p>Os trabalhadores que completarem as condi\u00e7\u00f5es de se aposentar antes da reforma da Previd\u00eancia ter\u00e3o os benef\u00edcios calculados pelas regras atuais do Instituto Nacional do Seguro Social (INSS). Isso quer dizer que, caso pe\u00e7am a aposentadoria por tempo de contribui\u00e7\u00e3o, podem ter o desconto do fator previdenci\u00e1rio aplicado sobre sua futura renda. Hoje para pedir [&hellip;]<\/p>\n","protected":false},"author":96,"featured_media":89532,"comment_status":"closed","ping_status":"closed","sticky":false,"template":"","format":"standard","meta":{"footnotes":""},"categories":[261],"tags":[],"class_list":["post-89533","post","type-post","status-publish","format-standard","has-post-thumbnail","hentry","category-economia"],"_links":{"self":[{"href":"https:\/\/diarioregionaldigital.com.br\/index.php?rest_route=\/wp\/v2\/posts\/89533","targetHints":{"allow":["GET"]}}],"collection":[{"href":"https:\/\/diarioregionaldigital.com.br\/index.php?rest_route=\/wp\/v2\/posts"}],"about":[{"href":"https:\/\/diarioregionaldigital.com.br\/index.php?rest_route=\/wp\/v2\/types\/post"}],"author":[{"embeddable":true,"href":"https:\/\/diarioregionaldigital.com.br\/index.php?rest_route=\/wp\/v2\/users\/96"}],"replies":[{"embeddable":true,"href":"https:\/\/diarioregionaldigital.com.br\/index.php?rest_route=%2Fwp%2Fv2%2Fcomments&post=89533"}],"version-history":[{"count":0,"href":"https:\/\/diarioregionaldigital.com.br\/index.php?rest_route=\/wp\/v2\/posts\/89533\/revisions"}],"wp:featuredmedia":[{"embeddable":true,"href":"https:\/\/diarioregionaldigital.com.br\/index.php?rest_route=\/wp\/v2\/media\/89532"}],"wp:attachment":[{"href":"https:\/\/diarioregionaldigital.com.br\/index.php?rest_route=%2Fwp%2Fv2%2Fmedia&parent=89533"}],"wp:term":[{"taxonomy":"category","embeddable":true,"href":"https:\/\/diarioregionaldigital.com.br\/index.php?rest_route=%2Fwp%2Fv2%2Fcategories&post=89533"},{"taxonomy":"post_tag","embeddable":true,"href":"https:\/\/diarioregionaldigital.com.br\/index.php?rest_route=%2Fwp%2Fv2%2Ftags&post=89533"}],"curies":[{"name":"wp","href":"https:\/\/api.w.org\/{rel}","templated":true}]}}