{"id":89507,"date":"2018-01-13T12:16:18","date_gmt":"2018-01-13T14:16:18","guid":{"rendered":"http:\/\/diarioregionaljf.com.br\/2018\/01\/13\/jovem-de-20-anos-e-morto-a-tiros-dentro-de-bar-em-leopoldina\/"},"modified":"2018-01-13T12:16:18","modified_gmt":"2018-01-13T14:16:18","slug":"jovem-de-20-anos-e-morto-a-tiros-dentro-de-bar-em-leopoldina","status":"publish","type":"post","link":"https:\/\/diarioregionaldigital.com.br\/?p=89507","title":{"rendered":"Jovem de 20 anos \u00e9 morto a tiros dentro de bar em Leopoldina"},"content":{"rendered":"<p>Um jovem de 20 anos foi morto a tiros na tarde dessa sexta-feira, 12, dentro de um bar localizado no bairro Bandeirantes, em Leopoldina.<\/p>\n<p>Segundo a Pol\u00edcia Militar (PM), um homem chegou ao local e realizou quatro disparos contra Maxwel Rodrigues Moreira, que foi atingido com um tiro na cabe\u00e7a e outro nas costas. Ainda segundo a PM, o autor fugiu tomando rumo ignorado. A pol\u00edcia informou que j\u00e1 possui um suspeito do crime, mas que ainda n\u00e3o pode divulgar detalhes para n\u00e3o atrapalhar o rastreamento.<\/p>\n<p>O SAMU foi acionado e constatou o \u00f3bito do rapaz. O corpo da v\u00edtima foi encaminhado para o Institulo M\u00e9dico Legal (IML) de Leopoldina. A per\u00edcia t\u00e9cnica da Pol\u00edcia Civil realizou os trabalhos periciais e o caso ser\u00e1 investigado pela Delegacia de Homic\u00eddios de Leopoldina.<\/p>\n<p>Fonte: O Vigilante Online<\/p>\n","protected":false},"excerpt":{"rendered":"<p>Um jovem de 20 anos foi morto a tiros na tarde dessa sexta-feira, 12, dentro de um bar localizado no bairro Bandeirantes, em Leopoldina. Segundo a Pol\u00edcia Militar (PM), um homem chegou ao local e realizou quatro disparos contra Maxwel Rodrigues Moreira, que foi atingido com um tiro na cabe\u00e7a e outro nas costas. Ainda [&hellip;]<\/p>\n","protected":false},"author":96,"featured_media":89506,"comment_status":"closed","ping_status":"closed","sticky":false,"template":"","format":"standard","meta":{"footnotes":""},"categories":[252],"tags":[],"class_list":["post-89507","post","type-post","status-publish","format-standard","has-post-thumbnail","hentry","category-regiao"],"_links":{"self":[{"href":"https:\/\/diarioregionaldigital.com.br\/index.php?rest_route=\/wp\/v2\/posts\/89507","targetHints":{"allow":["GET"]}}],"collection":[{"href":"https:\/\/diarioregionaldigital.com.br\/index.php?rest_route=\/wp\/v2\/posts"}],"about":[{"href":"https:\/\/diarioregionaldigital.com.br\/index.php?rest_route=\/wp\/v2\/types\/post"}],"author":[{"embeddable":true,"href":"https:\/\/diarioregionaldigital.com.br\/index.php?rest_route=\/wp\/v2\/users\/96"}],"replies":[{"embeddable":true,"href":"https:\/\/diarioregionaldigital.com.br\/index.php?rest_route=%2Fwp%2Fv2%2Fcomments&post=89507"}],"version-history":[{"count":0,"href":"https:\/\/diarioregionaldigital.com.br\/index.php?rest_route=\/wp\/v2\/posts\/89507\/revisions"}],"wp:featuredmedia":[{"embeddable":true,"href":"https:\/\/diarioregionaldigital.com.br\/index.php?rest_route=\/wp\/v2\/media\/89506"}],"wp:attachment":[{"href":"https:\/\/diarioregionaldigital.com.br\/index.php?rest_route=%2Fwp%2Fv2%2Fmedia&parent=89507"}],"wp:term":[{"taxonomy":"category","embeddable":true,"href":"https:\/\/diarioregionaldigital.com.br\/index.php?rest_route=%2Fwp%2Fv2%2Fcategories&post=89507"},{"taxonomy":"post_tag","embeddable":true,"href":"https:\/\/diarioregionaldigital.com.br\/index.php?rest_route=%2Fwp%2Fv2%2Ftags&post=89507"}],"curies":[{"name":"wp","href":"https:\/\/api.w.org\/{rel}","templated":true}]}}