{"id":89503,"date":"2018-01-12T22:47:05","date_gmt":"2018-01-13T00:47:05","guid":{"rendered":"http:\/\/diarioregionaljf.com.br\/2018\/01\/12\/settra-altera-transito-para-primeiro-bem-comum-lazer-do-ano\/"},"modified":"2018-01-12T22:47:05","modified_gmt":"2018-01-13T00:47:05","slug":"settra-altera-transito-para-primeiro-bem-comum-lazer-do-ano","status":"publish","type":"post","link":"https:\/\/diarioregionaldigital.com.br\/?p=89503","title":{"rendered":"Settra altera tr\u00e2nsito para primeiro \u201cBem Comum Lazer\u201d do ano"},"content":{"rendered":"<p>Nesse domingo, 14, a Secretaria de Transporte e Tr\u00e2nsito (Settra) da Prefeitura de Juiz de Fora (PJF) far\u00e1 interven\u00e7\u00f5es no tr\u00e2nsito da regi\u00e3o central, para o primeiro \u201cBem Comum Lazer\u201d de 2018. Das 6 \u00e0s 13 horas, a pista central da Avenida Rio Branco, no trecho entre a Rua Doutor Romualdo e a Avenida Doutor Jos\u00e9 Proc\u00f3pio Teixeira, ficar\u00e1 interditada para o tr\u00e2nsito de ve\u00edculos.<\/p>\n<p> Os \u00f4nibus que circulam no sentido Manoel Hon\u00f3rio\/Bom Pastor deixar\u00e3o a faixa central no cruzamento com a Avenida Presidente Itamar Franco, devendo utilizar a lateral. No sentido inverso, os \u00f4nibus dever\u00e3o retornar \u00e0 pista central no cruzamento com a Rua Doutor Romualdo. Os pontos de parada na pista lateral ser\u00e3o em frente aos atuais da pista central.<\/p>\n<p>&nbsp;<\/p>\n<p><strong>Fonte: Assessoria\/SCS<\/strong><\/p>\n","protected":false},"excerpt":{"rendered":"<p>Nesse domingo, 14, a Secretaria de Transporte e Tr\u00e2nsito (Settra) da Prefeitura de Juiz de Fora (PJF) far\u00e1 interven\u00e7\u00f5es no tr\u00e2nsito da regi\u00e3o central, para o primeiro \u201cBem Comum Lazer\u201d de 2018. Das 6 \u00e0s 13 horas, a pista central da Avenida Rio Branco, no trecho entre a Rua Doutor Romualdo e a Avenida Doutor [&hellip;]<\/p>\n","protected":false},"author":96,"featured_media":89502,"comment_status":"closed","ping_status":"closed","sticky":false,"template":"","format":"standard","meta":{"footnotes":""},"categories":[257],"tags":[],"class_list":["post-89503","post","type-post","status-publish","format-standard","has-post-thumbnail","hentry","category-esporte"],"_links":{"self":[{"href":"https:\/\/diarioregionaldigital.com.br\/index.php?rest_route=\/wp\/v2\/posts\/89503","targetHints":{"allow":["GET"]}}],"collection":[{"href":"https:\/\/diarioregionaldigital.com.br\/index.php?rest_route=\/wp\/v2\/posts"}],"about":[{"href":"https:\/\/diarioregionaldigital.com.br\/index.php?rest_route=\/wp\/v2\/types\/post"}],"author":[{"embeddable":true,"href":"https:\/\/diarioregionaldigital.com.br\/index.php?rest_route=\/wp\/v2\/users\/96"}],"replies":[{"embeddable":true,"href":"https:\/\/diarioregionaldigital.com.br\/index.php?rest_route=%2Fwp%2Fv2%2Fcomments&post=89503"}],"version-history":[{"count":0,"href":"https:\/\/diarioregionaldigital.com.br\/index.php?rest_route=\/wp\/v2\/posts\/89503\/revisions"}],"wp:featuredmedia":[{"embeddable":true,"href":"https:\/\/diarioregionaldigital.com.br\/index.php?rest_route=\/wp\/v2\/media\/89502"}],"wp:attachment":[{"href":"https:\/\/diarioregionaldigital.com.br\/index.php?rest_route=%2Fwp%2Fv2%2Fmedia&parent=89503"}],"wp:term":[{"taxonomy":"category","embeddable":true,"href":"https:\/\/diarioregionaldigital.com.br\/index.php?rest_route=%2Fwp%2Fv2%2Fcategories&post=89503"},{"taxonomy":"post_tag","embeddable":true,"href":"https:\/\/diarioregionaldigital.com.br\/index.php?rest_route=%2Fwp%2Fv2%2Ftags&post=89503"}],"curies":[{"name":"wp","href":"https:\/\/api.w.org\/{rel}","templated":true}]}}