{"id":89501,"date":"2018-01-12T22:38:16","date_gmt":"2018-01-13T00:38:16","guid":{"rendered":"http:\/\/diarioregionaljf.com.br\/2018\/01\/12\/ciclista-acidentado-em-trilha-recebe-apoio-de-grupos-de-pedal-da-cidade\/"},"modified":"2018-01-12T22:38:16","modified_gmt":"2018-01-13T00:38:16","slug":"ciclista-acidentado-em-trilha-recebe-apoio-de-grupos-de-pedal-da-cidade","status":"publish","type":"post","link":"https:\/\/diarioregionaldigital.com.br\/?p=89501","title":{"rendered":"Ciclista acidentado em trilha recebe apoio de grupos de pedal da cidade"},"content":{"rendered":"<p>Grupos de ciclistas de Juiz de Fora reunir\u00e3o para fazer \u201cPedal Beneficente\u201d a amigo acidentado, na manh\u00e3 deste domingo, 14, \u00e0s 8h, o evento ser\u00e1 aberto ao publico. Saindo do Churrasco do Boi (Rua Mariano Proc\u00f3pio) com destino \u00e0 Estrada da Remonta. O Percurso tem 46 km.<\/p>\n<p>David L\u00facio Rodrigues de Oliveira sofreu um acidente de bicicleta no feriado do &nbsp;dia 15 de novembro, na trilha do&nbsp; Aroeira em Juiz de Fora. Em relato, o ciclista comentou que a bicicleta perdeu o freio e o mesmo caiu batendo com a cabe\u00e7a. &nbsp;O ciclista sofreu uma s\u00e9rie de fraturas ap\u00f3s bater com a cabe\u00e7a em uma \u00e1rvore. Apesar de estar consciente, n\u00e3o conseguia movimentar nem sentir as duas pernas. Conduzido ao centro cir\u00fargico do Hospital Maternidade Therezinha de Jesus, ele foi submetido a exames que constaram a necessidade de tratamento do Trauma Raquimedular ao N\u00edvel de Coluna Tor\u00e1cica (TRM).&nbsp;<\/p>\n<p>Segundo a esposa de David, Sheila, ap\u00f3s o v\u00eddeo do acidente ser assistido por muitas pessoas ela come\u00e7ou a receber muita ajuda: \u201cForam v\u00e1rios grupos de pessoas, at\u00e9 de fora da cidade. No dia que ele recebeu alta, a gente recebeu liga\u00e7\u00e3o de grupos para ajudar a arrecadar fundos. Houve um passeio no m\u00eas passado, na Lagoa da Pampulha, em Belo Horizonte, para arrecadar os donativos. Um outro grupo trouxe aux\u00edlio em valor. Eles t\u00eam ajudado muito, entrado em contato. Pessoas que eu nunca vi, mas ligam para perguntar do que n\u00f3s estamos precisando\u201d, comentou.<\/p>\n<p>Em entrevista ao Di\u00e1rio, um dos organizadores do \u201cPedal Beneficente\/David\u201d, ciclista Allan Willian da Silva, 49 anos, resolveu organizar o pedal para arrecadar fundos e materiais para ajudar a fam\u00edlia: \u201cResolvemos fazer agora, pois sabemos que a fam\u00edlia est\u00e1 necessitando. N\u00e3o esperava conseguir reunir tantas pessoas, estamos com 160 pessoas, ser\u00e1 um evento muito legal com muitos ciclistas, e o mais importante vamos conseguir ajuda-lo.&nbsp; Teremos pessoas de todos os grupos de pedal de Juiz de Fora,\u201d contou.<\/p>\n<p>Aos interessados em participar, David e a esposa Sheila estar\u00e3o no local, com um carro de apoio que estar\u00e1 reunindo materiais como micropore, \u00f3leo de girassol, gazes, len\u00e7o umedecido, \u00e1lcool 70%, \u00e1lcool gel de farm\u00e1cia, luvas tamanho P ou M e fralda geri\u00e1trica tamanho XG.<\/p>\n<p><strong>&nbsp;<\/strong><\/p>\n<p><strong>&nbsp;<\/strong><\/p>\n<p><strong>&nbsp;<\/strong><\/p>\n","protected":false},"excerpt":{"rendered":"<p>Grupos de ciclistas de Juiz de Fora reunir\u00e3o para fazer \u201cPedal Beneficente\u201d a amigo acidentado, na manh\u00e3 deste domingo, 14, \u00e0s 8h, o evento ser\u00e1 aberto ao publico. Saindo do Churrasco do Boi (Rua Mariano Proc\u00f3pio) com destino \u00e0 Estrada da Remonta. O Percurso tem 46 km. David L\u00facio Rodrigues de Oliveira sofreu um acidente [&hellip;]<\/p>\n","protected":false},"author":96,"featured_media":89500,"comment_status":"closed","ping_status":"closed","sticky":false,"template":"","format":"standard","meta":{"footnotes":""},"categories":[257],"tags":[],"class_list":["post-89501","post","type-post","status-publish","format-standard","has-post-thumbnail","hentry","category-esporte"],"_links":{"self":[{"href":"https:\/\/diarioregionaldigital.com.br\/index.php?rest_route=\/wp\/v2\/posts\/89501","targetHints":{"allow":["GET"]}}],"collection":[{"href":"https:\/\/diarioregionaldigital.com.br\/index.php?rest_route=\/wp\/v2\/posts"}],"about":[{"href":"https:\/\/diarioregionaldigital.com.br\/index.php?rest_route=\/wp\/v2\/types\/post"}],"author":[{"embeddable":true,"href":"https:\/\/diarioregionaldigital.com.br\/index.php?rest_route=\/wp\/v2\/users\/96"}],"replies":[{"embeddable":true,"href":"https:\/\/diarioregionaldigital.com.br\/index.php?rest_route=%2Fwp%2Fv2%2Fcomments&post=89501"}],"version-history":[{"count":0,"href":"https:\/\/diarioregionaldigital.com.br\/index.php?rest_route=\/wp\/v2\/posts\/89501\/revisions"}],"wp:featuredmedia":[{"embeddable":true,"href":"https:\/\/diarioregionaldigital.com.br\/index.php?rest_route=\/wp\/v2\/media\/89500"}],"wp:attachment":[{"href":"https:\/\/diarioregionaldigital.com.br\/index.php?rest_route=%2Fwp%2Fv2%2Fmedia&parent=89501"}],"wp:term":[{"taxonomy":"category","embeddable":true,"href":"https:\/\/diarioregionaldigital.com.br\/index.php?rest_route=%2Fwp%2Fv2%2Fcategories&post=89501"},{"taxonomy":"post_tag","embeddable":true,"href":"https:\/\/diarioregionaldigital.com.br\/index.php?rest_route=%2Fwp%2Fv2%2Ftags&post=89501"}],"curies":[{"name":"wp","href":"https:\/\/api.w.org\/{rel}","templated":true}]}}