{"id":89497,"date":"2018-01-12T21:53:04","date_gmt":"2018-01-12T23:53:04","guid":{"rendered":"http:\/\/diarioregionaljf.com.br\/2018\/01\/12\/realeza-2\/"},"modified":"2018-01-12T21:53:04","modified_gmt":"2018-01-12T23:53:04","slug":"realeza-2","status":"publish","type":"post","link":"https:\/\/diarioregionaldigital.com.br\/?p=89497","title":{"rendered":"Realeza"},"content":{"rendered":"<p style=\"text-align: center;\"><span class=\"h4\">Solidariedade<\/span><br \/>Os cabeleireiros de Juiz de Fora, Junior Rodrigues e Thaynann Bolyvar ir\u00e3o promover em Santa Terezinha a campanha \u201cVamos ajudar nossos velhinhos\u201d. No dia 28 de fevereiro eles estar\u00e3o recebendo produtos de higiene pessoal como sabonetes, cremes dentais, escovas dentais, desodorantes e fraldas geri\u00e1tricas, que ser\u00e3o doados \u00e0s institui\u00e7\u00f5es. Belo exemplo!<\/p>\n<p style=\"text-align: center;\"><span class=\"h4\">Livro<\/span><br \/>Olha s\u00f3: num mundo t\u00e3o fren\u00e9tico, a poeta Alexandra Lima Vieira de Almeida traz uma reflex\u00e3o sobre o sil\u00eancio e o vazio em sua nova obra intitulada \u201cA Serenidade do Zero\u201d. Publicada pela editora Penaluz, o livro \u00e9 composto de 39 poemas que procuram desconstruir a vis\u00e3o do conhecimento e atingir um estado de concentra\u00e7\u00e3o serena pela n\u00e3o palavra. Li, vislumbrei e gostei.<\/p>\n<p style=\"text-align: center;\"><span class=\"h4\">Ensino Gratuito<\/span><br \/>A universidade federal gratuita poderia ser um instrumento de ascens\u00e3o social se fosse obrigat\u00f3rio (mesmo que o aluno trabalhasse), ap\u00f3s formado, por um ano em cidades do interior do Brasil. Mas, infelizmente o que vemos s\u00e3o muitos desempregados oferecendo seus servi\u00e7os em troca at\u00e9 por cesta b\u00e1sicas. Sinal dos tempos.<\/p>\n<p style=\"text-align: center;\"><span class=\"h4\">Realeza<\/span><br \/>Os belos cliques das viagens feitas pelo imperador D. Pedro II e a Imperatriz D. Thereza Cristina est\u00e3o em exposi\u00e7\u00e3o na Biblioteca Nacional, at\u00e9 30 de janeiro. As fotos fazem parte do programa \u201cMem\u00f3ria do Mundo\u201d, da Unesco.<\/p>\n<p style=\"text-align: center;\"><span class=\"h4\">Ensino<\/span><br \/>Em boa hora e para facilitar a vida dos pais que precisam comprar o material escolar, as papelarias e as livrarias de Juiz de Fora poder\u00e3o funcionar em hor\u00e1rio especial a partir de segunda-feira, dia 15. O acordo foi assinado pelo Sindicom\u00e9rico\/JF e pelo Sindicato do Com\u00e9rcio de Juiz de Fora (SEC).<\/p>\n<p style=\"text-align: center;\"><img decoding=\"async\" class=\" size-full wp-image-89488\" src=\"http:\/\/diarioregionaljf.com.br\/wp-content\/uploads\/2018\/01\/diario-int-23068-1.jpg\" alt=\"fotoa.jpg\" width=\"680\" style=\"display: block; margin-left: auto; margin-right: auto;\" srcset=\"https:\/\/diarioregionaldigital.com.br\/wp-content\/uploads\/2018\/01\/diario-int-23068-1.jpg 680w, https:\/\/diarioregionaldigital.com.br\/wp-content\/uploads\/2018\/01\/diario-int-23068-1-300x199.jpg 300w, https:\/\/diarioregionaldigital.com.br\/wp-content\/uploads\/2018\/01\/diario-int-23068-1-360x238.jpg 360w\" sizes=\"(max-width: 680px) 100vw, 680px\" \/>Curtindo o ver\u00e3o no Rio de Janeiro, os queridos cabeleireiros juiz-foranos, Marcelo Eli da Silva e Juracyr Martins<\/p>\n<p style=\"text-align: center;\"><img decoding=\"async\" class=\" size-full wp-image-89489\" src=\"http:\/\/diarioregionaljf.com.br\/wp-content\/uploads\/2018\/01\/diario-int-23068-2.jpg\" alt=\"fotoaa.jpg\" width=\"680\" style=\"display: block; margin-left: auto; margin-right: auto;\" srcset=\"https:\/\/diarioregionaldigital.com.br\/wp-content\/uploads\/2018\/01\/diario-int-23068-2.jpg 680w, https:\/\/diarioregionaldigital.com.br\/wp-content\/uploads\/2018\/01\/diario-int-23068-2-300x199.jpg 300w, https:\/\/diarioregionaldigital.com.br\/wp-content\/uploads\/2018\/01\/diario-int-23068-2-360x238.jpg 360w\" sizes=\"(max-width: 680px) 100vw, 680px\" \/>O artista pl\u00e1stico Ricardo Barcellos e sua bel\u00edssima pintura em painel art\u00edstico<\/p>\n<p style=\"text-align: center;\"><img decoding=\"async\" class=\" size-full wp-image-89490\" src=\"http:\/\/diarioregionaljf.com.br\/wp-content\/uploads\/2018\/01\/diario-int-23068-3.jpg\" alt=\"fotob.jpg\" width=\"680\" style=\"display: block; margin-left: auto; margin-right: auto;\" srcset=\"https:\/\/diarioregionaldigital.com.br\/wp-content\/uploads\/2018\/01\/diario-int-23068-3.jpg 680w, https:\/\/diarioregionaldigital.com.br\/wp-content\/uploads\/2018\/01\/diario-int-23068-3-266x300.jpg 266w, https:\/\/diarioregionaldigital.com.br\/wp-content\/uploads\/2018\/01\/diario-int-23068-3-360x407.jpg 360w\" sizes=\"(max-width: 680px) 100vw, 680px\" \/>Duas panteras lindas direto do Bar do Chico para esta coluna, Dani Verpel e Erika Beire<\/p>\n<p style=\"text-align: center;\"><img decoding=\"async\" class=\" size-full wp-image-89491\" src=\"http:\/\/diarioregionaljf.com.br\/wp-content\/uploads\/2018\/01\/diario-int-23068-4.jpg\" alt=\"fotoc.jpg\" width=\"680\" style=\"display: block; margin-left: auto; margin-right: auto;\" srcset=\"https:\/\/diarioregionaldigital.com.br\/wp-content\/uploads\/2018\/01\/diario-int-23068-4.jpg 680w, https:\/\/diarioregionaldigital.com.br\/wp-content\/uploads\/2018\/01\/diario-int-23068-4-300x199.jpg 300w, https:\/\/diarioregionaldigital.com.br\/wp-content\/uploads\/2018\/01\/diario-int-23068-4-360x238.jpg 360w\" sizes=\"(max-width: 680px) 100vw, 680px\" \/>Tr\u00eas tigr\u00f5es no Bar da F\u00e1brica, Leonardo Frossard, J\u00fanio Martins e Harley Chernenk<\/p>\n<p style=\"text-align: center;\"><img decoding=\"async\" class=\" size-full wp-image-89492\" src=\"http:\/\/diarioregionaljf.com.br\/wp-content\/uploads\/2018\/01\/diario-int-23068-5.jpg\" alt=\"fotod.jpg\" width=\"680\" style=\"display: block; margin-left: auto; margin-right: auto;\" srcset=\"https:\/\/diarioregionaldigital.com.br\/wp-content\/uploads\/2018\/01\/diario-int-23068-5.jpg 680w, https:\/\/diarioregionaldigital.com.br\/wp-content\/uploads\/2018\/01\/diario-int-23068-5-300x199.jpg 300w, https:\/\/diarioregionaldigital.com.br\/wp-content\/uploads\/2018\/01\/diario-int-23068-5-360x238.jpg 360w\" sizes=\"(max-width: 680px) 100vw, 680px\" \/>No seu anivers\u00e1rio no Berttu\u2019s Aeroporto, a bonita Regina Monteiro<\/p>\n<p style=\"text-align: center;\"><img decoding=\"async\" class=\" size-full wp-image-89493\" src=\"http:\/\/diarioregionaljf.com.br\/wp-content\/uploads\/2018\/01\/diario-int-23068-6.jpg\" alt=\"fotoe.jpg\" width=\"680\" style=\"display: block; margin-left: auto; margin-right: auto;\" srcset=\"https:\/\/diarioregionaldigital.com.br\/wp-content\/uploads\/2018\/01\/diario-int-23068-6.jpg 680w, https:\/\/diarioregionaldigital.com.br\/wp-content\/uploads\/2018\/01\/diario-int-23068-6-300x199.jpg 300w, https:\/\/diarioregionaldigital.com.br\/wp-content\/uploads\/2018\/01\/diario-int-23068-6-360x238.jpg 360w\" sizes=\"(max-width: 680px) 100vw, 680px\" \/>Campe\u00e3o do 12\u00ba Concurso de Pres\u00e9pios da UFSJ, o talentoso Yure Mendes<\/p>\n<p style=\"text-align: center;\"><img decoding=\"async\" class=\" size-full wp-image-89494\" src=\"http:\/\/diarioregionaljf.com.br\/wp-content\/uploads\/2018\/01\/diario-int-23068-7.jpg\" alt=\"fotof.jpg\" width=\"680\" style=\"display: block; margin-left: auto; margin-right: auto;\" srcset=\"https:\/\/diarioregionaldigital.com.br\/wp-content\/uploads\/2018\/01\/diario-int-23068-7.jpg 680w, https:\/\/diarioregionaldigital.com.br\/wp-content\/uploads\/2018\/01\/diario-int-23068-7-300x199.jpg 300w, https:\/\/diarioregionaldigital.com.br\/wp-content\/uploads\/2018\/01\/diario-int-23068-7-360x238.jpg 360w\" sizes=\"(max-width: 680px) 100vw, 680px\" \/>O charme de Irene Barros durante a comemora\u00e7\u00e3o de seu n\u00edver na Para\u00edba<\/p>\n<p style=\"text-align: center;\"><img decoding=\"async\" class=\" size-full wp-image-89495\" src=\"http:\/\/diarioregionaljf.com.br\/wp-content\/uploads\/2018\/01\/diario-int-23068-8.jpg\" alt=\"fotoh.jpg\" width=\"680\" style=\"display: block; margin-left: auto; margin-right: auto;\" srcset=\"https:\/\/diarioregionaldigital.com.br\/wp-content\/uploads\/2018\/01\/diario-int-23068-8.jpg 680w, https:\/\/diarioregionaldigital.com.br\/wp-content\/uploads\/2018\/01\/diario-int-23068-8-300x199.jpg 300w, https:\/\/diarioregionaldigital.com.br\/wp-content\/uploads\/2018\/01\/diario-int-23068-8-360x238.jpg 360w\" sizes=\"(max-width: 680px) 100vw, 680px\" \/>Direto de Juiz de Fora para o Maracan\u00e3\/Rio, os campe\u00f5es, L\u00e9o Devanir, Leonardo Beire e Ricardo Bedendo<\/p>\n<p style=\"text-align: center;\"><img decoding=\"async\" class=\" size-full wp-image-89496\" src=\"http:\/\/diarioregionaljf.com.br\/wp-content\/uploads\/2018\/01\/diario-int-23068-9.jpg\" alt=\"fotoi.jpg\" width=\"680\" style=\"display: block; margin-left: auto; margin-right: auto;\" srcset=\"https:\/\/diarioregionaldigital.com.br\/wp-content\/uploads\/2018\/01\/diario-int-23068-9.jpg 680w, https:\/\/diarioregionaldigital.com.br\/wp-content\/uploads\/2018\/01\/diario-int-23068-9-300x199.jpg 300w, https:\/\/diarioregionaldigital.com.br\/wp-content\/uploads\/2018\/01\/diario-int-23068-9-360x238.jpg 360w\" sizes=\"(max-width: 680px) 100vw, 680px\" \/>Festejando anivers\u00e1rio, o pequeno Lorenzo Oliveira recebeu paparico do tio Rosenberg Frizeiro<\/p>\n<p class=\"h4\" style=\"text-align: center;\">FOTOSS\u00cdNTESE<\/p>\n<p>Din\u00e2mico e muito querido, o ator L\u00e9o Costa comemora anivers\u00e1rio nesta 2\u00aa feira, 15 de janeiro, e vai festejar com amigos e familiares. Parab\u00e9ns.<\/p>\n<p>No domingo, 14, a Comunidade Resgate recebe o colombiano William Zuluaga para manh\u00e3 de ora\u00e7\u00e3o com o tema \u201cCura minha fam\u00edlia, Senhor\u201d.<\/p>\n<p>O Cultural vai estremecer com o evento Samba Clube, no domingo, 14 de janeiro, \u00e0s 16h. O Grupo Samba Flex convida Alessandra Chrispin e Sandra Portella e com encerramento com os garotos da Bateria Sambatruk.<\/p>\n<p>O Gin\u00e1sio do Ol\u00edmpico vai estar lotado para a grande festa de Rainha e Musa dos Blocos Carnavalescos de Juiz de Fora. Ser\u00e1 dia 27 de janeiro, \u00e0s 21h. No palco, Bateria Swing Samba Show (Mestre Jansen), Serginho Gama da Tijuca e Sandra Portella. Com produ\u00e7\u00e3o de Fabinho Esteves e Toninho Cunha.<\/p>\n<p>Alex Petrato brilha intensamente com seus abajoures e ilumina\u00e7\u00e3o para sua loja Contempor\u00e2nea.<\/p>\n<p>Rafael Januzzi da Ag\u00eancia 909, anunciando que renovou contrato com o Conselho Federal de Medicina (CFM). Parab\u00e9ns.<\/p>\n<p>Aten\u00e7\u00e3o: Os tradicionais shows de Ver\u00e3o da Mangueira, que aconteceriam nos dias 16 e 17 de janeiro, no Rio e S\u00e3o Paulo foram cancelados.<\/p>\n<p>Passando temporada em B\u00fazios (RJ), o bonito casal Paula Mendes e Rodrigo Guerra. (Leia-se Europa Coffee e Pub).<\/p>\n<p>O Bar Barril no Alto dos Passos tem novo propriet\u00e1rio. O novo dono assinou com portas fechadas.<\/p>\n<p>O Shopping Jardim Norte comunicou que o vencedor do sorteio de um ap\u00ea, na campanha de Natal, foi o morador de Matias Barbosa, M\u00e1rcio Rezende de Paiva.<\/p>\n<p>Tendo como cen\u00e1rio a Pra\u00e7a da Esta\u00e7\u00e3o, est\u00e3o abertas as inscri\u00e7\u00f5es de curtas para o evento Filmes da Esta\u00e7\u00e3o. A segunda edi\u00e7\u00e3o do festival ocupa o centro-hist\u00f3rico de Juiz de Fora com obras de todo o Brasil.<\/p>\n<p>Marcelo Vidal reuniu os amigos Alexandre Mosqueira, Aline Ducasse, Jonas J\u00falio, Melissa Oliveira, Rhuan Mello e Marina Teixeira e foram bebericar e curtir as del\u00edcias do Sapore Di Calabria que fica na Casa D\u2019\u00cdt\u00e1lia. A cantina italiana foi considerada a melhor do centro da cidade.<\/p>\n<p>Minas Gerais ganhou uma mapa gastron\u00f4mico que vem em forma de um cat\u00e1logo com 31 circuitos tur\u00edsticos do estado, 150 festivais gastron\u00f4micos, 120 produtos e 27 roteiros incr\u00edveis. A iniciativa \u00e9 da Secretaria de Estado de Turismo de Minas Gerais.<\/p>\n<p>Aten\u00e7\u00e3o: est\u00e1 na boca do povo o refr\u00e3o que puxa o elogiado CD de Sandra Portella \u201cBanho de F\u00e9\u201d: Pri\u00f4&#8230; \u00e9 Prioridade! Bom dia!<\/p>\n","protected":false},"excerpt":{"rendered":"<p>SolidariedadeOs cabeleireiros de Juiz de Fora, Junior Rodrigues e Thaynann Bolyvar ir\u00e3o promover em Santa Terezinha a campanha \u201cVamos ajudar nossos velhinhos\u201d. No dia 28 de fevereiro eles estar\u00e3o recebendo produtos de higiene pessoal como sabonetes, cremes dentais, escovas dentais, desodorantes e fraldas geri\u00e1tricas, que ser\u00e3o doados \u00e0s institui\u00e7\u00f5es. Belo exemplo! LivroOlha s\u00f3: num mundo [&hellip;]<\/p>\n","protected":false},"author":96,"featured_media":89487,"comment_status":"closed","ping_status":"closed","sticky":false,"template":"","format":"standard","meta":{"footnotes":""},"categories":[264],"tags":[],"class_list":["post-89497","post","type-post","status-publish","format-standard","has-post-thumbnail","hentry","category-eduardo-gomes"],"_links":{"self":[{"href":"https:\/\/diarioregionaldigital.com.br\/index.php?rest_route=\/wp\/v2\/posts\/89497","targetHints":{"allow":["GET"]}}],"collection":[{"href":"https:\/\/diarioregionaldigital.com.br\/index.php?rest_route=\/wp\/v2\/posts"}],"about":[{"href":"https:\/\/diarioregionaldigital.com.br\/index.php?rest_route=\/wp\/v2\/types\/post"}],"author":[{"embeddable":true,"href":"https:\/\/diarioregionaldigital.com.br\/index.php?rest_route=\/wp\/v2\/users\/96"}],"replies":[{"embeddable":true,"href":"https:\/\/diarioregionaldigital.com.br\/index.php?rest_route=%2Fwp%2Fv2%2Fcomments&post=89497"}],"version-history":[{"count":0,"href":"https:\/\/diarioregionaldigital.com.br\/index.php?rest_route=\/wp\/v2\/posts\/89497\/revisions"}],"wp:featuredmedia":[{"embeddable":true,"href":"https:\/\/diarioregionaldigital.com.br\/index.php?rest_route=\/wp\/v2\/media\/89487"}],"wp:attachment":[{"href":"https:\/\/diarioregionaldigital.com.br\/index.php?rest_route=%2Fwp%2Fv2%2Fmedia&parent=89497"}],"wp:term":[{"taxonomy":"category","embeddable":true,"href":"https:\/\/diarioregionaldigital.com.br\/index.php?rest_route=%2Fwp%2Fv2%2Fcategories&post=89497"},{"taxonomy":"post_tag","embeddable":true,"href":"https:\/\/diarioregionaldigital.com.br\/index.php?rest_route=%2Fwp%2Fv2%2Ftags&post=89497"}],"curies":[{"name":"wp","href":"https:\/\/api.w.org\/{rel}","templated":true}]}}