{"id":89485,"date":"2018-01-12T21:45:30","date_gmt":"2018-01-12T23:45:30","guid":{"rendered":"http:\/\/diarioregionaljf.com.br\/2018\/01\/12\/feng-shui-8-dicas-para-a-casa\/"},"modified":"2018-01-12T21:45:30","modified_gmt":"2018-01-12T23:45:30","slug":"feng-shui-8-dicas-para-a-casa","status":"publish","type":"post","link":"https:\/\/diarioregionaldigital.com.br\/?p=89485","title":{"rendered":"FENG SHUI: 8 DICAS PARA A CASA"},"content":{"rendered":"<p><img loading=\"lazy\" decoding=\"async\" class=\" size-full wp-image-89476\" src=\"http:\/\/diarioregionaljf.com.br\/wp-content\/uploads\/2018\/01\/diario-int-23066-1.jpg\" alt=\" cabecalho arquitetura\" width=\"641\" height=\"64\" srcset=\"https:\/\/diarioregionaldigital.com.br\/wp-content\/uploads\/2018\/01\/diario-int-23066-1.jpg 641w, https:\/\/diarioregionaldigital.com.br\/wp-content\/uploads\/2018\/01\/diario-int-23066-1-300x30.jpg 300w, https:\/\/diarioregionaldigital.com.br\/wp-content\/uploads\/2018\/01\/diario-int-23066-1-360x36.jpg 360w\" sizes=\"auto, (max-width: 641px) 100vw, 641px\" \/><\/p>\n<p>J\u00e1 parou para pensar que muitas vezes lutamos, lutamos e parece que tem algo que nos arrasta para tr\u00e1s?<\/p>\n<p>Sabia que o Feng Shui da sua casa ou empresa pode estar sendo um fator dificultador da sua prosperidade, sucesso e at\u00e9 mesmo rela\u00e7\u00e3o familiar?<\/p>\n<p>O Feng Shui \u00e9 uma arte milenar chinesa de harmoniza\u00e7\u00e3o de ambientes. \u00c9 como se fosse uma acupuntura do espa\u00e7o e tem a finalidade de atrair as influ\u00eancias ben\u00e9ficas da Natureza para os v\u00e1rios aspectos da vida: carreira, espiritualidade, fam\u00edlia, prosperidade, relacionamento&#8230;<\/p>\n<p>Ele se baseia no princ\u00edpio de que tudo, desde o \u00e1tomo at\u00e9 as gal\u00e1xias s\u00e3o feitos de energia&#8230; energia que est\u00e1 em constante intera\u00e7\u00e3o. Considera que as cores, formatos, pessoas, ideias, objetos t\u00eam sua energia espec\u00edfica que interagem e influenciam o ambiente e nossas vidas: positiva ou negativamente.<\/p>\n<p>O Feng Shui visa, atrav\u00e9s de t\u00e9cnicas espec\u00edficas equilibrar essas energias, bloqueando as negativas e atraindo as positivas para cada canto da casa e da nossa vida.<\/p>\n<p>Entende que por tudo estar ligado, pequenas a\u00e7\u00f5es em um lugar podem fazer diferen\u00e7a em outros.<\/p>\n<h4>FENG SHUI NO MUNDO<\/h4>\n<p>Se ainda \u00e9 pouco difundido no Brasil, em Hong Kong, por exemplo, influencia o skyline da cidade, pois determina como os pr\u00e9dios devem ser constru\u00eddos para receber as melhores energias (sheng shi) e isolar as energias inadequadas (sha chi).<\/p>\n<p>Na lista dos famosos que utilizam essa t\u00e9cnica encontram-se: Bill Gates, Donald Trump, George Clooney, Ana Maria Braga, Madonna&#8230;<\/p>\n<p>Para o Feng Shui a vida \u00e9 formada de 8 aspectos b\u00e1sicos, interdependentes e indissoci\u00e1veis: miss\u00e3o, espiritualidade, fam\u00edlia, prosperidade, sucesso, relacionamentos, criatividade, amigos.<\/p>\n<p>E cada um desses aspectos pode ser auxiliado atrav\u00e9s da aplica\u00e7\u00e3o do Feng Shui nos ambientes.<\/p>\n<p><strong>Veja, abaixo, 8 dicas (mais dicas <a href=\"https:\/\/www.facebook.com\/fengshuidefinitivo\" target=\"_blank\" rel=\"noopener noreferrer\">aqui<\/a>)<\/strong><\/p>\n<p style=\"text-align: left;\"><strong>MISS\u00c3O<\/strong><br \/>Elemento: \u00c1gua<br \/>Cores: preto, azul<br \/>Objetos: com formato sinuoso, quadros relacionados \u00e0 sua voca\u00e7\u00e3o, fontes d\u2019\u00e1gua<br \/><span style=\"font-size: 8pt;\">(imagem: encurtador.com.br\/oyLS1)<\/span><\/p>\n<p style=\"text-align: left;\"><span style=\"font-size: 8pt;\"><\/span><img loading=\"lazy\" decoding=\"async\" class=\" size-full wp-image-89477\" src=\"http:\/\/diarioregionaljf.com.br\/wp-content\/uploads\/2018\/01\/diario-int-23066-2.jpg\" alt=\"missao.jpg\" width=\"298\" height=\"450\" srcset=\"https:\/\/diarioregionaldigital.com.br\/wp-content\/uploads\/2018\/01\/diario-int-23066-2.jpg 298w, https:\/\/diarioregionaldigital.com.br\/wp-content\/uploads\/2018\/01\/diario-int-23066-2-199x300.jpg 199w\" sizes=\"auto, (max-width: 298px) 100vw, 298px\" \/><\/p>\n<p style=\"text-align: left;\">&nbsp;<\/p>\n<p style=\"text-align: left;\"><strong>ESPIRITUALIDADE<\/strong><br \/>Elemento: Terra<br \/>Cores: marrom, bege, amarelo<br \/>Objetos: com formato quadrado, quadros relacionados \u00e0 sua espiritualidade<br \/><span style=\"font-size: 8pt;\">&nbsp;(imagem: encurtador.com.br\/dqs68)<\/span><\/p>\n<p style=\"text-align: left;\"><img loading=\"lazy\" decoding=\"async\" class=\" size-full wp-image-89478\" src=\"http:\/\/diarioregionaljf.com.br\/wp-content\/uploads\/2018\/01\/diario-int-23066-3.jpg\" alt=\"espiritualidade.jpg\" width=\"300\" height=\"450\" srcset=\"https:\/\/diarioregionaldigital.com.br\/wp-content\/uploads\/2018\/01\/diario-int-23066-3.jpg 300w, https:\/\/diarioregionaldigital.com.br\/wp-content\/uploads\/2018\/01\/diario-int-23066-3-200x300.jpg 200w\" sizes=\"auto, (max-width: 300px) 100vw, 300px\" \/><\/p>\n<p style=\"text-align: left;\">&nbsp;<\/p>\n<p style=\"text-align: left;\"><strong>FAM\u00cdLIA<\/strong><br \/>Elemento: Madeira<br \/>Cores: verde, musgo<br \/>Objetos: com formato retangular vertical, quadros que remetam aos antepassados<br \/><span style=\"font-size: 8pt;\">(encurtador.com.br\/alLR6)<\/span><\/p>\n<p style=\"text-align: left;\"><img loading=\"lazy\" decoding=\"async\" class=\" size-full wp-image-89479\" src=\"http:\/\/diarioregionaljf.com.br\/wp-content\/uploads\/2018\/01\/diario-int-23066-4.jpg\" alt=\"familia.jpg\" width=\"233\" height=\"450\" srcset=\"https:\/\/diarioregionaldigital.com.br\/wp-content\/uploads\/2018\/01\/diario-int-23066-4.jpg 233w, https:\/\/diarioregionaldigital.com.br\/wp-content\/uploads\/2018\/01\/diario-int-23066-4-155x300.jpg 155w\" sizes=\"auto, (max-width: 233px) 100vw, 233px\" \/><\/p>\n<p style=\"text-align: left;\">&nbsp;<\/p>\n<p style=\"text-align: left;\"><strong>PROSPERIDADE<\/strong><br \/>Elemento: Madeira<br \/>Cores: verde, musgo<br \/>Objetos: com formato retangular vertical, imagens ou objetos que remetam \u00e0 abund\u00e2ncia, \u00e0 prosperidade<br \/><span style=\"font-size: 8pt;\">(imagem: encurtador.com.br\/mHL26)<\/span><\/p>\n<p style=\"text-align: left;\"><img loading=\"lazy\" decoding=\"async\" class=\" size-full wp-image-89480\" src=\"http:\/\/diarioregionaljf.com.br\/wp-content\/uploads\/2018\/01\/diario-int-23066-5.jpg\" alt=\"prosperidade.jpg\" width=\"334\" height=\"222\" srcset=\"https:\/\/diarioregionaldigital.com.br\/wp-content\/uploads\/2018\/01\/diario-int-23066-5.jpg 675w, https:\/\/diarioregionaldigital.com.br\/wp-content\/uploads\/2018\/01\/diario-int-23066-5-300x200.jpg 300w, https:\/\/diarioregionaldigital.com.br\/wp-content\/uploads\/2018\/01\/diario-int-23066-5-360x240.jpg 360w\" sizes=\"auto, (max-width: 334px) 100vw, 334px\" \/><\/p>\n<p style=\"text-align: left;\">&nbsp;<\/p>\n<p style=\"text-align: left;\"><strong>SUCESSO<\/strong><br \/>Elemento: Fogo<br \/>Cores: vermelho, alaranjado intenso<br \/>Objetos: com formato triangular, lareira, imagens\/objetos que remetam \u00e0s suas refer\u00eancias de sucesso<br \/><span style=\"font-size: 8pt;\">(imagem: encurtador.com.br\/yPY26)<\/span><\/p>\n<p style=\"text-align: left;\"><img loading=\"lazy\" decoding=\"async\" class=\" size-full wp-image-89481\" src=\"http:\/\/diarioregionaljf.com.br\/wp-content\/uploads\/2018\/01\/diario-int-23066-6.jpg\" alt=\"sucesso.jpg\" width=\"338\" height=\"435\" srcset=\"https:\/\/diarioregionaldigital.com.br\/wp-content\/uploads\/2018\/01\/diario-int-23066-6.jpg 350w, https:\/\/diarioregionaldigital.com.br\/wp-content\/uploads\/2018\/01\/diario-int-23066-6-233x300.jpg 233w\" sizes=\"auto, (max-width: 338px) 100vw, 338px\" \/><\/p>\n<p style=\"text-align: left;\">&nbsp;<\/p>\n<p style=\"text-align: left;\"><strong>RELACIONAMENTO<\/strong><br \/>Elemento: Terra<br \/>Cores: marrom, bege, amarelo (eventualmente vermelho e rosa)<br \/>Objetos: com formato quadrado, em pares, imagens de relacionamentos, c\u00f4njugues ou network<br \/><span style=\"font-size: 8pt;\">(imagem: encurtador.com.br\/oBFKR)<\/span><\/p>\n<p style=\"text-align: left;\"><img loading=\"lazy\" decoding=\"async\" class=\" size-full wp-image-89482\" src=\"http:\/\/diarioregionaljf.com.br\/wp-content\/uploads\/2018\/01\/diario-int-23066-7.jpg\" alt=\"relacionamento.jpg\" width=\"284\" height=\"426\" srcset=\"https:\/\/diarioregionaldigital.com.br\/wp-content\/uploads\/2018\/01\/diario-int-23066-7.jpg 300w, https:\/\/diarioregionaldigital.com.br\/wp-content\/uploads\/2018\/01\/diario-int-23066-7-200x300.jpg 200w\" sizes=\"auto, (max-width: 284px) 100vw, 284px\" \/><\/p>\n<p style=\"text-align: left;\">&nbsp;<\/p>\n<p style=\"text-align: left;\"><strong>CRIATIVIDADE<\/strong><br \/>Elemento: Metal<br \/>Cores: cinza, branco, prateado<br \/>Objetos: com formato redondo, objetos cromados, esferas, imagens dos filhos<br \/><span style=\"font-size: 8pt;\">(imagem: encurtador.com.br\/bozJQ)<\/span><\/p>\n<p style=\"text-align: left;\"><img loading=\"lazy\" decoding=\"async\" class=\" size-full wp-image-89483\" src=\"http:\/\/diarioregionaljf.com.br\/wp-content\/uploads\/2018\/01\/diario-int-23066-8.jpg\" alt=\"criatividade.jpg\" width=\"302\" height=\"301\" srcset=\"https:\/\/diarioregionaldigital.com.br\/wp-content\/uploads\/2018\/01\/diario-int-23066-8.jpg 400w, https:\/\/diarioregionaldigital.com.br\/wp-content\/uploads\/2018\/01\/diario-int-23066-8-150x150.jpg 150w, https:\/\/diarioregionaldigital.com.br\/wp-content\/uploads\/2018\/01\/diario-int-23066-8-300x300.jpg 300w, https:\/\/diarioregionaldigital.com.br\/wp-content\/uploads\/2018\/01\/diario-int-23066-8-180x180.jpg 180w, https:\/\/diarioregionaldigital.com.br\/wp-content\/uploads\/2018\/01\/diario-int-23066-8-120x120.jpg 120w, https:\/\/diarioregionaldigital.com.br\/wp-content\/uploads\/2018\/01\/diario-int-23066-8-360x359.jpg 360w, https:\/\/diarioregionaldigital.com.br\/wp-content\/uploads\/2018\/01\/diario-int-23066-8-80x80.jpg 80w\" sizes=\"auto, (max-width: 302px) 100vw, 302px\" \/><\/p>\n<p style=\"text-align: left;\">&nbsp;<\/p>\n<p style=\"text-align: left;\"><strong>AMIGOS<\/strong><br \/>Elemento: Metal<br \/>Cores: cinza, branco, prateado<br \/>Objetos: imagens que remetam a amizade, mestres ou pessoas que ajudam<br \/><span style=\"font-size: 8pt;\">(imagem: encurtador.com.br\/mENU1)<\/span><\/p>\n<p><img loading=\"lazy\" decoding=\"async\" class=\" alignleft size-full wp-image-89484\" src=\"http:\/\/diarioregionaljf.com.br\/wp-content\/uploads\/2018\/01\/diario-int-23066-9.jpg\" alt=\"amigos.jpg\" style=\"float: left;\" width=\"241\" height=\"320\" srcset=\"https:\/\/diarioregionaldigital.com.br\/wp-content\/uploads\/2018\/01\/diario-int-23066-9.jpg 241w, https:\/\/diarioregionaldigital.com.br\/wp-content\/uploads\/2018\/01\/diario-int-23066-9-226x300.jpg 226w\" sizes=\"auto, (max-width: 241px) 100vw, 241px\" \/><\/p>\n","protected":false},"excerpt":{"rendered":"<p>J\u00e1 parou para pensar que muitas vezes lutamos, lutamos e parece que tem algo que nos arrasta para tr\u00e1s? Sabia que o Feng Shui da sua casa ou empresa pode estar sendo um fator dificultador da sua prosperidade, sucesso e at\u00e9 mesmo rela\u00e7\u00e3o familiar? O Feng Shui \u00e9 uma arte milenar chinesa de harmoniza\u00e7\u00e3o de [&hellip;]<\/p>\n","protected":false},"author":96,"featured_media":89475,"comment_status":"closed","ping_status":"closed","sticky":false,"template":"","format":"standard","meta":{"footnotes":""},"categories":[287],"tags":[],"class_list":["post-89485","post","type-post","status-publish","format-standard","has-post-thumbnail","hentry","category-arquitetura-fabiano-teixeira"],"_links":{"self":[{"href":"https:\/\/diarioregionaldigital.com.br\/index.php?rest_route=\/wp\/v2\/posts\/89485","targetHints":{"allow":["GET"]}}],"collection":[{"href":"https:\/\/diarioregionaldigital.com.br\/index.php?rest_route=\/wp\/v2\/posts"}],"about":[{"href":"https:\/\/diarioregionaldigital.com.br\/index.php?rest_route=\/wp\/v2\/types\/post"}],"author":[{"embeddable":true,"href":"https:\/\/diarioregionaldigital.com.br\/index.php?rest_route=\/wp\/v2\/users\/96"}],"replies":[{"embeddable":true,"href":"https:\/\/diarioregionaldigital.com.br\/index.php?rest_route=%2Fwp%2Fv2%2Fcomments&post=89485"}],"version-history":[{"count":0,"href":"https:\/\/diarioregionaldigital.com.br\/index.php?rest_route=\/wp\/v2\/posts\/89485\/revisions"}],"wp:featuredmedia":[{"embeddable":true,"href":"https:\/\/diarioregionaldigital.com.br\/index.php?rest_route=\/wp\/v2\/media\/89475"}],"wp:attachment":[{"href":"https:\/\/diarioregionaldigital.com.br\/index.php?rest_route=%2Fwp%2Fv2%2Fmedia&parent=89485"}],"wp:term":[{"taxonomy":"category","embeddable":true,"href":"https:\/\/diarioregionaldigital.com.br\/index.php?rest_route=%2Fwp%2Fv2%2Fcategories&post=89485"},{"taxonomy":"post_tag","embeddable":true,"href":"https:\/\/diarioregionaldigital.com.br\/index.php?rest_route=%2Fwp%2Fv2%2Ftags&post=89485"}],"curies":[{"name":"wp","href":"https:\/\/api.w.org\/{rel}","templated":true}]}}