{"id":89474,"date":"2018-01-12T21:33:14","date_gmt":"2018-01-12T23:33:14","guid":{"rendered":"http:\/\/diarioregionaljf.com.br\/2018\/01\/12\/estado-intensifica-acoes-de-combate-a-febre-amarela\/"},"modified":"2018-01-12T21:33:14","modified_gmt":"2018-01-12T23:33:14","slug":"estado-intensifica-acoes-de-combate-a-febre-amarela","status":"publish","type":"post","link":"https:\/\/diarioregionaldigital.com.br\/?p=89474","title":{"rendered":"Estado intensifica a\u00e7\u00f5es de combate \u00e0 febre amarela"},"content":{"rendered":"<p>Ap\u00f3s identificar aumento no n\u00famero de pessoas que morreram no estado em virtude da febre amarela (<a href=\"cidade\/23035-seis-pessoas-ja-morreram-em-minas-por-conta-da-febre-amarela\">nove \u00f3bitos confirmados desde julho, conforme o boletim epidemiol\u00f3gico apresentado na quinta-feira, 11<\/a>) a Secretaria de Estado de Sa\u00fade (SES) afirmou que ir\u00e1 intensificar ainda mais as a\u00e7\u00f5es de preven\u00e7\u00e3o e combate \u00e0 doen\u00e7a. Durante coletiva de imprensa realizada na tarde desta sexta-feira, 12, na sede da Superintend\u00eancia Regional de Sa\u00fade, o subsecret\u00e1rio de Vigil\u00e2ncia e Prote\u00e7\u00e3o \u00e0 Sa\u00fade da SES\/MG, Rodrigo Said, informou que o governo do estado adotou a\u00e7\u00f5es emergenciais que visam aumentar a cobertura vacinal nos munic\u00edpios e combater os vetores da doen\u00e7a . Inclusive, ele refor\u00e7ou que, ainda na tarde desta sexta-feira, se reuniria com representantes de cidades da Zona da Mata para alinhar as estrat\u00e9gias que ser\u00e3o adotadas.<\/p>\n<p>Cabe ressaltar que, segundo a SES, apenas 81% dos residentes de Minas Gerais s\u00e3o vacinados contra a febre amarela, sendo que o \u00edndice considerado ideal \u00e9 de 95%. A estimativa \u00e9 que cerca de 3,7 milh\u00f5es de pessoas ainda n\u00e3o foram vacinadas no estado, especialmente na faixa et\u00e1ria de 15 a 59 anos, mais acometida pelo surto. Apesar de estar longe do esperado, a estat\u00edstica est\u00e1 acima do que foi presenciado em 2016, em que a cobertura vacinal em Minas era de 50%. Mas ainda assim necessita de refor\u00e7o, visto que 342 munic\u00edpios mineiros ainda n\u00e3o atingiram 80% de cobertura. \u201cA maioria dessas pessoas reside em \u00e1reas rurais, s\u00e3o do sexo masculino, com idades entre 33 e 60 anos, p\u00fablico priorit\u00e1rio para imuniza\u00e7\u00e3o\u201d, diz Said.<\/p>\n<p>O subsecret\u00e1rio destacou que o estoque do estado, que comporta 1,4 milh\u00f5es de doses da vacina \u00e9 suficiente para intensificar as a\u00e7\u00f5es. Diferentemente do que tem sido adotado em outros estados, como S\u00e3o Paulo, Rio de Janeiro e Bahia, o fracionamento da vacina n\u00e3o ser\u00e1 adotado em Minas, por conta da cobertura vacinal elevada em rela\u00e7\u00e3o aos outros locais.<\/p>\n<p>Durante o encontro, Said recomendou a vacina\u00e7\u00e3o para as pessoas que ir\u00e3o viajar para as \u00e1reas onde casos foram confirmados ou est\u00e3o sendo investigados, com dez dias de anteced\u00eancia. Apenas uma dose \u00e9 suficiente para garantir a imuniza\u00e7\u00e3o. A vacina \u00e9 indicada para crian\u00e7as a partir de nove meses de idade e adultos de at\u00e9 59 anos. Gestantes e idosos com mais de 60 anos ou al\u00e9rgicos a algum componente da vacina devem procurar um m\u00e9dico.<\/p>\n<p>MACACOS MORTOS<\/p>\n<p>Segundo os dados da SES, quatro epizootias (morte de macacos) por febre amarela foram confirmadas na Zona da Mata. Os corpos foram encontrados nos munic\u00edpios de Mar de Espanha, Santana do Deserto, Matias Barbosa e Sim\u00e3o Pereira. Desde julho de 2017, quando se iniciou a segunda fase de monitoramento, 460 primatas morreram em 114 cidades do estado, sendo que, em 21 delas, a febre amarela foi a respons\u00e1vel pela morte. Outros 26 munic\u00edpios aguardam an\u00e1lise laboratorial para identificar a causa da epizootia. Nos demais, n\u00e3o foi poss\u00edvel coletar dados devido ao estado de decomposi\u00e7\u00e3o em que os corpos se encontravam.<\/p>\n<p>CASOS<\/p>\n<p>Das nove pessoas que acabaram morrendo, um dos casos se trata de um homem de 40 anos, que morreu no dia 4 de janeiro ap\u00f3s ter contra\u00eddo a febre amarela em Mar de Espanha, a quase 60 km de Juiz de Fora. Outros dois na regi\u00e3o da Zona da Mata est\u00e3o sendo investigados, em Barra Longa e Goian\u00e1. No total, foram 11 casos confirmados desde julho, sendo que seis ainda s\u00e3o investigados.<\/p>\n","protected":false},"excerpt":{"rendered":"<p>Ap\u00f3s identificar aumento no n\u00famero de pessoas que morreram no estado em virtude da febre amarela (nove \u00f3bitos confirmados desde julho, conforme o boletim epidemiol\u00f3gico apresentado na quinta-feira, 11) a Secretaria de Estado de Sa\u00fade (SES) afirmou que ir\u00e1 intensificar ainda mais as a\u00e7\u00f5es de preven\u00e7\u00e3o e combate \u00e0 doen\u00e7a. Durante coletiva de imprensa realizada [&hellip;]<\/p>\n","protected":false},"author":96,"featured_media":89473,"comment_status":"closed","ping_status":"closed","sticky":false,"template":"","format":"standard","meta":{"footnotes":""},"categories":[253],"tags":[],"class_list":["post-89474","post","type-post","status-publish","format-standard","has-post-thumbnail","hentry","category-cidade"],"_links":{"self":[{"href":"https:\/\/diarioregionaldigital.com.br\/index.php?rest_route=\/wp\/v2\/posts\/89474","targetHints":{"allow":["GET"]}}],"collection":[{"href":"https:\/\/diarioregionaldigital.com.br\/index.php?rest_route=\/wp\/v2\/posts"}],"about":[{"href":"https:\/\/diarioregionaldigital.com.br\/index.php?rest_route=\/wp\/v2\/types\/post"}],"author":[{"embeddable":true,"href":"https:\/\/diarioregionaldigital.com.br\/index.php?rest_route=\/wp\/v2\/users\/96"}],"replies":[{"embeddable":true,"href":"https:\/\/diarioregionaldigital.com.br\/index.php?rest_route=%2Fwp%2Fv2%2Fcomments&post=89474"}],"version-history":[{"count":0,"href":"https:\/\/diarioregionaldigital.com.br\/index.php?rest_route=\/wp\/v2\/posts\/89474\/revisions"}],"wp:featuredmedia":[{"embeddable":true,"href":"https:\/\/diarioregionaldigital.com.br\/index.php?rest_route=\/wp\/v2\/media\/89473"}],"wp:attachment":[{"href":"https:\/\/diarioregionaldigital.com.br\/index.php?rest_route=%2Fwp%2Fv2%2Fmedia&parent=89474"}],"wp:term":[{"taxonomy":"category","embeddable":true,"href":"https:\/\/diarioregionaldigital.com.br\/index.php?rest_route=%2Fwp%2Fv2%2Fcategories&post=89474"},{"taxonomy":"post_tag","embeddable":true,"href":"https:\/\/diarioregionaldigital.com.br\/index.php?rest_route=%2Fwp%2Fv2%2Ftags&post=89474"}],"curies":[{"name":"wp","href":"https:\/\/api.w.org\/{rel}","templated":true}]}}