{"id":89472,"date":"2018-01-12T21:00:44","date_gmt":"2018-01-12T23:00:44","guid":{"rendered":"http:\/\/diarioregionaljf.com.br\/2018\/01\/12\/guarda-municipal-realiza-abordagem-preventiva-no-parque-halfeld\/"},"modified":"2018-01-12T21:00:44","modified_gmt":"2018-01-12T23:00:44","slug":"guarda-municipal-realiza-abordagem-preventiva-no-parque-halfeld","status":"publish","type":"post","link":"https:\/\/diarioregionaldigital.com.br\/?p=89472","title":{"rendered":"Guarda Municipal realiza abordagem preventiva no Parque Halfeld"},"content":{"rendered":"<p>A Guarda Municipal realizou a\u00e7\u00e3o de abordagem preventiva no in\u00edcio da tarde dessa sexta-feira, 12, no Parque Halfeld. A medida visa dar mais agilidade e efici\u00eancia ao trabalho da corpora\u00e7\u00e3o em pontos espec\u00edficos de cobertura na cidade, atrav\u00e9s de aproxima\u00e7\u00e3o r\u00e1pida para verifica\u00e7\u00e3o de situa\u00e7\u00f5es suspeitas. Na investida, uma arma branca foi apreendida. Duas equipes participaram da atua\u00e7\u00e3o. Com entrada sincronizada de duas viaturas, uma pela Rua Santo Ant\u00f4nio e outra pelo meio do parque, os guardas fecharam o cerco, atuando na parte dos fundos e na \u00e1rea dos banheiros. Ali foram abordados 11 pessoas. Em revista minuciosa no entorno, a Guarda localizou uma faca escondida em meio \u00e0 vegeta\u00e7\u00e3o do canteiro.<\/p>\n<p>Para a comandante da Guarda Municipal, Emilce de Castro, a import\u00e2ncia deste tipo de abordagem \u00e9 resgatar a sensa\u00e7\u00e3o de seguran\u00e7a na regi\u00e3o do Parque Halfeld, para que as fam\u00edlias possam usufruir deste espa\u00e7o. Ela antecipou ainda que novas a\u00e7\u00f5es desta natureza ser\u00e3o realizadas com frequ\u00eancia.<\/p>\n<p>Fonte: Assessoria<\/p>\n","protected":false},"excerpt":{"rendered":"<p>A Guarda Municipal realizou a\u00e7\u00e3o de abordagem preventiva no in\u00edcio da tarde dessa sexta-feira, 12, no Parque Halfeld. A medida visa dar mais agilidade e efici\u00eancia ao trabalho da corpora\u00e7\u00e3o em pontos espec\u00edficos de cobertura na cidade, atrav\u00e9s de aproxima\u00e7\u00e3o r\u00e1pida para verifica\u00e7\u00e3o de situa\u00e7\u00f5es suspeitas. Na investida, uma arma branca foi apreendida. Duas equipes [&hellip;]<\/p>\n","protected":false},"author":96,"featured_media":89471,"comment_status":"closed","ping_status":"closed","sticky":false,"template":"","format":"standard","meta":{"footnotes":""},"categories":[253],"tags":[],"class_list":["post-89472","post","type-post","status-publish","format-standard","has-post-thumbnail","hentry","category-cidade"],"_links":{"self":[{"href":"https:\/\/diarioregionaldigital.com.br\/index.php?rest_route=\/wp\/v2\/posts\/89472","targetHints":{"allow":["GET"]}}],"collection":[{"href":"https:\/\/diarioregionaldigital.com.br\/index.php?rest_route=\/wp\/v2\/posts"}],"about":[{"href":"https:\/\/diarioregionaldigital.com.br\/index.php?rest_route=\/wp\/v2\/types\/post"}],"author":[{"embeddable":true,"href":"https:\/\/diarioregionaldigital.com.br\/index.php?rest_route=\/wp\/v2\/users\/96"}],"replies":[{"embeddable":true,"href":"https:\/\/diarioregionaldigital.com.br\/index.php?rest_route=%2Fwp%2Fv2%2Fcomments&post=89472"}],"version-history":[{"count":0,"href":"https:\/\/diarioregionaldigital.com.br\/index.php?rest_route=\/wp\/v2\/posts\/89472\/revisions"}],"wp:featuredmedia":[{"embeddable":true,"href":"https:\/\/diarioregionaldigital.com.br\/index.php?rest_route=\/wp\/v2\/media\/89471"}],"wp:attachment":[{"href":"https:\/\/diarioregionaldigital.com.br\/index.php?rest_route=%2Fwp%2Fv2%2Fmedia&parent=89472"}],"wp:term":[{"taxonomy":"category","embeddable":true,"href":"https:\/\/diarioregionaldigital.com.br\/index.php?rest_route=%2Fwp%2Fv2%2Fcategories&post=89472"},{"taxonomy":"post_tag","embeddable":true,"href":"https:\/\/diarioregionaldigital.com.br\/index.php?rest_route=%2Fwp%2Fv2%2Ftags&post=89472"}],"curies":[{"name":"wp","href":"https:\/\/api.w.org\/{rel}","templated":true}]}}