{"id":89470,"date":"2018-01-12T20:47:49","date_gmt":"2018-01-12T22:47:49","guid":{"rendered":"http:\/\/diarioregionaljf.com.br\/2018\/01\/12\/prefeitura-divulga-neste-sabado-editais-do-pro-bairros-2018\/"},"modified":"2018-01-12T20:47:49","modified_gmt":"2018-01-12T22:47:49","slug":"prefeitura-divulga-neste-sabado-editais-do-pro-bairros-2018","status":"publish","type":"post","link":"https:\/\/diarioregionaldigital.com.br\/?p=89470","title":{"rendered":"Prefeitura divulga neste s\u00e1bado editais do Pr\u00f3-Bairros 2018"},"content":{"rendered":"<p>A Secretaria de Governo (SG) da Prefeitura de Juiz de Fora (PJF) publica neste s\u00e1bado, 13, no Di\u00e1rio Oficial do Munic\u00edpio, os editais da edi\u00e7\u00e3o 2018 do Programa de Apoio a Projetos de Iniciativa Popular (Lei Pr\u00f3-Bairros). Ser\u00e3o dois editais de chamamento p\u00fablico, visando a sele\u00e7\u00e3o de associa\u00e7\u00f5es de bairro interessadas em celebrar acordo de coopera\u00e7\u00e3o com o Munic\u00edpio.<\/p>\n<p>O primeiro edital tem objetivo de apoiar a estrutura\u00e7\u00e3o das associa\u00e7\u00f5es de moradores de Juiz de Fora e prev\u00ea concess\u00e3o de at\u00e9 30 kits de escrit\u00f3rio, contendo um notebook, uma impressora multifuncional, um projetor, um arm\u00e1rio de duas portas, uma mesa e oito cadeiras de escrit\u00f3rio. Cada associa\u00e7\u00e3o poder\u00e1 ser contemplada com um kit. O edital 02\/2018 tem como objeto a mobiliza\u00e7\u00e3o social e a promo\u00e7\u00e3o da cidadania, atrav\u00e9s do desenvolvimento de modalidades desportivas diversas.<\/p>\n<p>Ser\u00e3o at\u00e9 17 kits esportivos concedidos, de futsal, futebol, v\u00f4lei, handebol e jiu-jitsu. A metodologia se adequa \u00e0 lei federal n\u00ba 13.019 e ao decreto municipal n\u00ba 12.893, que disp\u00f5em sobre parcerias entre a administra\u00e7\u00e3o p\u00fablica e as organiza\u00e7\u00f5es da sociedade civil, em regime de m\u00fatua coopera\u00e7\u00e3o.<\/p>\n<p>&nbsp;<\/p>\n<h4>\u201cPR\u00d3-BAIRROS\u201d<\/h4>\n<p>A Lei Municipal n\u00ba 12.377 \u00e9 a primeira de iniciativa popular de Juiz de Fora. O \u201cPr\u00f3-Bairros\u201d foi aprovado em 2011, por unanimidade, na C\u00e2mara Municipal, ap\u00f3s ser apresentado pela Uni\u00e3o Juiz-forana de Bairros e Distritos (Unijuf), com mais de dez mil assinaturas. A legisla\u00e7\u00e3o passou a ser cumprida na atual administra\u00e7\u00e3o. O objetivo \u00e9 servir como instrumento de apoio a projetos desenvolvidos pelas associa\u00e7\u00f5es de moradores da cidade, promovendo e estimulando as parcerias da PJF com as organiza\u00e7\u00f5es comunit\u00e1rias.<\/p>\n<p>Fonte Assessoria<\/p>\n","protected":false},"excerpt":{"rendered":"<p>A Secretaria de Governo (SG) da Prefeitura de Juiz de Fora (PJF) publica neste s\u00e1bado, 13, no Di\u00e1rio Oficial do Munic\u00edpio, os editais da edi\u00e7\u00e3o 2018 do Programa de Apoio a Projetos de Iniciativa Popular (Lei Pr\u00f3-Bairros). Ser\u00e3o dois editais de chamamento p\u00fablico, visando a sele\u00e7\u00e3o de associa\u00e7\u00f5es de bairro interessadas em celebrar acordo de [&hellip;]<\/p>\n","protected":false},"author":96,"featured_media":89469,"comment_status":"closed","ping_status":"closed","sticky":false,"template":"","format":"standard","meta":{"footnotes":""},"categories":[253],"tags":[],"class_list":["post-89470","post","type-post","status-publish","format-standard","has-post-thumbnail","hentry","category-cidade"],"_links":{"self":[{"href":"https:\/\/diarioregionaldigital.com.br\/index.php?rest_route=\/wp\/v2\/posts\/89470","targetHints":{"allow":["GET"]}}],"collection":[{"href":"https:\/\/diarioregionaldigital.com.br\/index.php?rest_route=\/wp\/v2\/posts"}],"about":[{"href":"https:\/\/diarioregionaldigital.com.br\/index.php?rest_route=\/wp\/v2\/types\/post"}],"author":[{"embeddable":true,"href":"https:\/\/diarioregionaldigital.com.br\/index.php?rest_route=\/wp\/v2\/users\/96"}],"replies":[{"embeddable":true,"href":"https:\/\/diarioregionaldigital.com.br\/index.php?rest_route=%2Fwp%2Fv2%2Fcomments&post=89470"}],"version-history":[{"count":0,"href":"https:\/\/diarioregionaldigital.com.br\/index.php?rest_route=\/wp\/v2\/posts\/89470\/revisions"}],"wp:featuredmedia":[{"embeddable":true,"href":"https:\/\/diarioregionaldigital.com.br\/index.php?rest_route=\/wp\/v2\/media\/89469"}],"wp:attachment":[{"href":"https:\/\/diarioregionaldigital.com.br\/index.php?rest_route=%2Fwp%2Fv2%2Fmedia&parent=89470"}],"wp:term":[{"taxonomy":"category","embeddable":true,"href":"https:\/\/diarioregionaldigital.com.br\/index.php?rest_route=%2Fwp%2Fv2%2Fcategories&post=89470"},{"taxonomy":"post_tag","embeddable":true,"href":"https:\/\/diarioregionaldigital.com.br\/index.php?rest_route=%2Fwp%2Fv2%2Ftags&post=89470"}],"curies":[{"name":"wp","href":"https:\/\/api.w.org\/{rel}","templated":true}]}}