{"id":89466,"date":"2018-01-12T19:41:13","date_gmt":"2018-01-12T21:41:13","guid":{"rendered":"http:\/\/diarioregionaljf.com.br\/2018\/01\/12\/prefeitura-divulga-resultado-de-processo-seletivo-para-contratacao-de-medicos\/"},"modified":"2018-01-12T19:41:13","modified_gmt":"2018-01-12T21:41:13","slug":"prefeitura-divulga-resultado-de-processo-seletivo-para-contratacao-de-medicos","status":"publish","type":"post","link":"https:\/\/diarioregionaldigital.com.br\/?p=89466","title":{"rendered":"Prefeitura divulga resultado de processo seletivo para contrata\u00e7\u00e3o de m\u00e9dicos"},"content":{"rendered":"<p>A Prefeitura de Juiz de Fora (PJF) divulgou, nessa sexta-feira, 12, o resultado final do processo seletivo simplificado visando \u00e0 contrata\u00e7\u00e3o tempor\u00e1ria de m\u00e9dicos I para atua\u00e7\u00e3o na urg\u00eancia e emerg\u00eancia nas \u00e1reas de intensivista e ultrassonografia (Edital n\u00ba 346-SARH). Os classificados devem aguardar convoca\u00e7\u00e3o para contrata\u00e7\u00e3o. O resultado foi publicado no Di\u00e1rio Oficial Eletr\u00f4nico do Munic\u00edpio (Atos do Governo) e pode ser conferido <a href=\"https:\/\/www.pjf.mg.gov.br\/e_atos\/e_atos_vis.php?id=58469\" target=\"_blank\" rel=\"noopener noreferrer\">aqui<\/a>.<\/p>\n<p>Fonte: Assessoria<\/p>\n","protected":false},"excerpt":{"rendered":"<p>A Prefeitura de Juiz de Fora (PJF) divulgou, nessa sexta-feira, 12, o resultado final do processo seletivo simplificado visando \u00e0 contrata\u00e7\u00e3o tempor\u00e1ria de m\u00e9dicos I para atua\u00e7\u00e3o na urg\u00eancia e emerg\u00eancia nas \u00e1reas de intensivista e ultrassonografia (Edital n\u00ba 346-SARH). Os classificados devem aguardar convoca\u00e7\u00e3o para contrata\u00e7\u00e3o. O resultado foi publicado no Di\u00e1rio Oficial Eletr\u00f4nico [&hellip;]<\/p>\n","protected":false},"author":96,"featured_media":89465,"comment_status":"closed","ping_status":"closed","sticky":false,"template":"","format":"standard","meta":{"footnotes":""},"categories":[280],"tags":[],"class_list":["post-89466","post","type-post","status-publish","format-standard","has-post-thumbnail","hentry","category-concurso"],"_links":{"self":[{"href":"https:\/\/diarioregionaldigital.com.br\/index.php?rest_route=\/wp\/v2\/posts\/89466","targetHints":{"allow":["GET"]}}],"collection":[{"href":"https:\/\/diarioregionaldigital.com.br\/index.php?rest_route=\/wp\/v2\/posts"}],"about":[{"href":"https:\/\/diarioregionaldigital.com.br\/index.php?rest_route=\/wp\/v2\/types\/post"}],"author":[{"embeddable":true,"href":"https:\/\/diarioregionaldigital.com.br\/index.php?rest_route=\/wp\/v2\/users\/96"}],"replies":[{"embeddable":true,"href":"https:\/\/diarioregionaldigital.com.br\/index.php?rest_route=%2Fwp%2Fv2%2Fcomments&post=89466"}],"version-history":[{"count":0,"href":"https:\/\/diarioregionaldigital.com.br\/index.php?rest_route=\/wp\/v2\/posts\/89466\/revisions"}],"wp:featuredmedia":[{"embeddable":true,"href":"https:\/\/diarioregionaldigital.com.br\/index.php?rest_route=\/wp\/v2\/media\/89465"}],"wp:attachment":[{"href":"https:\/\/diarioregionaldigital.com.br\/index.php?rest_route=%2Fwp%2Fv2%2Fmedia&parent=89466"}],"wp:term":[{"taxonomy":"category","embeddable":true,"href":"https:\/\/diarioregionaldigital.com.br\/index.php?rest_route=%2Fwp%2Fv2%2Fcategories&post=89466"},{"taxonomy":"post_tag","embeddable":true,"href":"https:\/\/diarioregionaldigital.com.br\/index.php?rest_route=%2Fwp%2Fv2%2Ftags&post=89466"}],"curies":[{"name":"wp","href":"https:\/\/api.w.org\/{rel}","templated":true}]}}