{"id":89464,"date":"2018-01-12T19:35:24","date_gmt":"2018-01-12T21:35:24","guid":{"rendered":"http:\/\/diarioregionaljf.com.br\/2018\/01\/12\/pjf-convoca-docentes-e-coordenadores-pedagogicos-para-esta-segunda-feira\/"},"modified":"2018-01-12T19:35:24","modified_gmt":"2018-01-12T21:35:24","slug":"pjf-convoca-docentes-e-coordenadores-pedagogicos-para-esta-segunda-feira","status":"publish","type":"post","link":"https:\/\/diarioregionaldigital.com.br\/?p=89464","title":{"rendered":"PJF convoca docentes e coordenadores pedag\u00f3gicos para esta segunda-feira"},"content":{"rendered":"<p>A Prefeitura de Juiz de Fora (PJF) divulgou, nessa sexta-feira, 12, a listagem de convoca\u00e7\u00e3o dos aprovados no processo seletivo para contrata\u00e7\u00e3o de professores, para atua\u00e7\u00e3o no ano letivo de 2018, na rede municipal (Edital n\u00ba 337).<\/p>\n<p>Est\u00e3o sendo chamados os docentes de dan\u00e7a, que dever\u00e3o comparecer ao Centro de Forma\u00e7\u00e3o do Professor (Avenida Get\u00falio Vargas, n\u00ba200, Centro), na pr\u00f3xima segunda-feira, 15, \u00e0s 8h30, para escolha de vaga. J\u00e1 \u00e0s 14h30, dever\u00e3o se apresentar os professores convocados de m\u00fasica. A convoca\u00e7\u00e3o pode ser conferida <a href=\"https:\/\/www.pjf.mg.gov.br\/e_atos\/e_atos_vis.php?id=58480\" target=\"_blank\" rel=\"noopener noreferrer\">aqui<\/a>.<\/p>\n<h4>&nbsp;<\/h4>\n<h4>COORDENADOR PEDAG\u00d3GICO<\/h4>\n<p>Tamb\u00e9m foi divulgada a listagem de convoca\u00e7\u00e3o dos candidatos aprovados no processo seletivo para contrata\u00e7\u00e3o de coordenador pedag\u00f3gico, para atuar no ano letivo de 2018, na Rede Municipal de Ensino (Edital n\u00ba 338). Os convocados dever\u00e3o comparecer ao Centro de Forma\u00e7\u00e3o do Professor nesta segunda-feira, 15, para escolha de vaga. Os convocados devem estar atentos aos hor\u00e1rios de apresenta\u00e7\u00e3o, que podem ser conferidos <a href=\"https:\/\/www.pjf.mg.gov.br\/e_atos\/e_atos_vis.php?id=58481\" target=\"_blank\" rel=\"noopener noreferrer\">aqui<\/a>.<\/p>\n<p>A fase de chamadas dever\u00e1 ocorrer durante todo este m\u00eas, e os candidatos devem acompanhar as publica\u00e7\u00f5es no \u201cAtos do Governo\u201d ou na se\u00e7\u00e3o \u201cContrata\u00e7\u00e3o tempor\u00e1ria\u201d, no site da PJF.<\/p>\n<p>&nbsp;<\/p>\n<p>Fonte: Assessoria<\/p>\n","protected":false},"excerpt":{"rendered":"<p>A Prefeitura de Juiz de Fora (PJF) divulgou, nessa sexta-feira, 12, a listagem de convoca\u00e7\u00e3o dos aprovados no processo seletivo para contrata\u00e7\u00e3o de professores, para atua\u00e7\u00e3o no ano letivo de 2018, na rede municipal (Edital n\u00ba 337). Est\u00e3o sendo chamados os docentes de dan\u00e7a, que dever\u00e3o comparecer ao Centro de Forma\u00e7\u00e3o do Professor (Avenida Get\u00falio [&hellip;]<\/p>\n","protected":false},"author":96,"featured_media":89463,"comment_status":"closed","ping_status":"closed","sticky":false,"template":"","format":"standard","meta":{"footnotes":""},"categories":[280],"tags":[],"class_list":["post-89464","post","type-post","status-publish","format-standard","has-post-thumbnail","hentry","category-concurso"],"_links":{"self":[{"href":"https:\/\/diarioregionaldigital.com.br\/index.php?rest_route=\/wp\/v2\/posts\/89464","targetHints":{"allow":["GET"]}}],"collection":[{"href":"https:\/\/diarioregionaldigital.com.br\/index.php?rest_route=\/wp\/v2\/posts"}],"about":[{"href":"https:\/\/diarioregionaldigital.com.br\/index.php?rest_route=\/wp\/v2\/types\/post"}],"author":[{"embeddable":true,"href":"https:\/\/diarioregionaldigital.com.br\/index.php?rest_route=\/wp\/v2\/users\/96"}],"replies":[{"embeddable":true,"href":"https:\/\/diarioregionaldigital.com.br\/index.php?rest_route=%2Fwp%2Fv2%2Fcomments&post=89464"}],"version-history":[{"count":0,"href":"https:\/\/diarioregionaldigital.com.br\/index.php?rest_route=\/wp\/v2\/posts\/89464\/revisions"}],"wp:featuredmedia":[{"embeddable":true,"href":"https:\/\/diarioregionaldigital.com.br\/index.php?rest_route=\/wp\/v2\/media\/89463"}],"wp:attachment":[{"href":"https:\/\/diarioregionaldigital.com.br\/index.php?rest_route=%2Fwp%2Fv2%2Fmedia&parent=89464"}],"wp:term":[{"taxonomy":"category","embeddable":true,"href":"https:\/\/diarioregionaldigital.com.br\/index.php?rest_route=%2Fwp%2Fv2%2Fcategories&post=89464"},{"taxonomy":"post_tag","embeddable":true,"href":"https:\/\/diarioregionaldigital.com.br\/index.php?rest_route=%2Fwp%2Fv2%2Ftags&post=89464"}],"curies":[{"name":"wp","href":"https:\/\/api.w.org\/{rel}","templated":true}]}}