{"id":89462,"date":"2018-01-12T19:20:16","date_gmt":"2018-01-12T21:20:16","guid":{"rendered":"http:\/\/diarioregionaljf.com.br\/2018\/01\/12\/confirmadas-atracoes-do-carnaval-2018-de-sao-joao-nepomuceno\/"},"modified":"2018-01-12T19:20:16","modified_gmt":"2018-01-12T21:20:16","slug":"confirmadas-atracoes-do-carnaval-2018-de-sao-joao-nepomuceno","status":"publish","type":"post","link":"https:\/\/diarioregionaldigital.com.br\/?p=89462","title":{"rendered":"Confirmadas atra\u00e7\u00f5es do Carnaval 2018 de S\u00e3o Jo\u00e3o Nepomuceno"},"content":{"rendered":"<p>A Prefeitura Municipal de S\u00e3o Jo\u00e3o Nepomuceno divulgou as atra\u00e7\u00f5es j\u00e1 confirmadas para o Carnaval 2018 na cidade. A festa de momo contar\u00e1 com desfiles de blocos, escolas de samba, shows musicais, programa\u00e7\u00e3o infantil e baile da melhor idade.<\/p>\n<p>O evento ser\u00e1 realizado no Circuito da \u201cEsta\u00e7\u00e3o do Samba\u201d, (Pra\u00e7a da Esta\u00e7\u00e3o &#8211; passarela), onde acontecer\u00e3o as apresenta\u00e7\u00f5es de shows, e a chegada e desfile de blocos e escolas de samba.<\/p>\n<p>O trabalho de decora\u00e7\u00e3o da Avenida Tancredo Neves (Esta\u00e7\u00e3o do Samba) j\u00e1 est\u00e1 em andamento e a montagem de palco e dos equipamentos de som e luz ser\u00e1 iniciada em breve.<\/p>\n<p>De acordo com informa\u00e7\u00f5es da Prefeitura de S\u00e3o Jo\u00e3o Nepomuceno, o sistema de seguran\u00e7a est\u00e1 sendo elaborado junto \u00e0 Pol\u00edcia Militar (PM). Tamb\u00e9m j\u00e1 est\u00e3o sendo planejadas a\u00e7\u00f5es de controle do tr\u00e2nsito (CONSEP e Defesa Civil) e plant\u00f5es m\u00e9dicos (Pronto Socorro).<\/p>\n<p>&nbsp;<\/p>\n<h4>ATRA\u00c7\u00d5ES CONFIRMADAS<\/h4>\n<p>&#8211; <strong>Blocos Caricatos<\/strong>: Bloco do Z\u00e9 Pereira (5\u00aa feira de carnaval), Bloco dos Tour\u00e3o (6\u00aa feira de carnaval), Bloco 4 Gera\u00e7\u00f5es e Bloco Edgar Monteiro (S\u00e1bado), Bloco Ranca Tampa, Bloco da Girafa e Bloco do Sapo (Domingo), Bloco do Barril (2\u00aa feira), Bloco das 4 patinhas e Bloco \u201cSete e meia l\u00e1 em casa\u201d (3\u00ba feira).<\/p>\n<p>&#8211; <strong>Escolas de Samba<\/strong>: No domingo de carnaval (11\/2), os desfiles da Escola de Samba Mirim, o Bela Vista e o GRES Unidos do Caxang\u00e1, a partir das 21h, na Passarela do samba.<\/p>\n<p>&#8211; <strong>Shows<\/strong>: j\u00e1 est\u00e3o confirmados o pr\u00e9-carnaval do Bloco \u201cSassaricando\u201d (dias 2 e 3 de fevereiro) com Sandra Portella e Beleza, Banda Cidade M\u00eddia, Roger Resende e a Capivara Endiabrada, os sambas de Felipe do Cavaco, Grupo Beleza, Banda Nepop\u00f3 Folia, Dieguinho e banda, grupo Nosso Jeito e grupo \u201cPromessa \u00e9 D\u00edvida\u201d. Os shows dar\u00e3o continuidade \u00e0 chegada dos blocos na passarela do samba.<\/p>\n<p>Tamb\u00e9m est\u00e3o confirmados os bailes da Melhor Idade (s\u00e1bado e 2\u00aa feira) e a programa\u00e7\u00e3o infantil na Esta\u00e7\u00e3o do Samba (s\u00e1bado e 3\u00aa feira).<\/p>\n<p>A programa\u00e7\u00e3o oficial do Carnaval 2018 no munic\u00edpio e informa\u00e7\u00f5es como mapa do circuito, barracas, vendas de mesas e hor\u00e1rios, ser\u00e3o divulgadas em breve.<\/p>\n<p>&nbsp;<\/p>\n<p>Da reda\u00e7\u00e3o\/Assessoria<\/p>\n","protected":false},"excerpt":{"rendered":"<p>A Prefeitura Municipal de S\u00e3o Jo\u00e3o Nepomuceno divulgou as atra\u00e7\u00f5es j\u00e1 confirmadas para o Carnaval 2018 na cidade. A festa de momo contar\u00e1 com desfiles de blocos, escolas de samba, shows musicais, programa\u00e7\u00e3o infantil e baile da melhor idade. O evento ser\u00e1 realizado no Circuito da \u201cEsta\u00e7\u00e3o do Samba\u201d, (Pra\u00e7a da Esta\u00e7\u00e3o &#8211; passarela), onde [&hellip;]<\/p>\n","protected":false},"author":96,"featured_media":89461,"comment_status":"closed","ping_status":"closed","sticky":false,"template":"","format":"standard","meta":{"footnotes":""},"categories":[252],"tags":[],"class_list":["post-89462","post","type-post","status-publish","format-standard","has-post-thumbnail","hentry","category-regiao"],"_links":{"self":[{"href":"https:\/\/diarioregionaldigital.com.br\/index.php?rest_route=\/wp\/v2\/posts\/89462","targetHints":{"allow":["GET"]}}],"collection":[{"href":"https:\/\/diarioregionaldigital.com.br\/index.php?rest_route=\/wp\/v2\/posts"}],"about":[{"href":"https:\/\/diarioregionaldigital.com.br\/index.php?rest_route=\/wp\/v2\/types\/post"}],"author":[{"embeddable":true,"href":"https:\/\/diarioregionaldigital.com.br\/index.php?rest_route=\/wp\/v2\/users\/96"}],"replies":[{"embeddable":true,"href":"https:\/\/diarioregionaldigital.com.br\/index.php?rest_route=%2Fwp%2Fv2%2Fcomments&post=89462"}],"version-history":[{"count":0,"href":"https:\/\/diarioregionaldigital.com.br\/index.php?rest_route=\/wp\/v2\/posts\/89462\/revisions"}],"wp:featuredmedia":[{"embeddable":true,"href":"https:\/\/diarioregionaldigital.com.br\/index.php?rest_route=\/wp\/v2\/media\/89461"}],"wp:attachment":[{"href":"https:\/\/diarioregionaldigital.com.br\/index.php?rest_route=%2Fwp%2Fv2%2Fmedia&parent=89462"}],"wp:term":[{"taxonomy":"category","embeddable":true,"href":"https:\/\/diarioregionaldigital.com.br\/index.php?rest_route=%2Fwp%2Fv2%2Fcategories&post=89462"},{"taxonomy":"post_tag","embeddable":true,"href":"https:\/\/diarioregionaldigital.com.br\/index.php?rest_route=%2Fwp%2Fv2%2Ftags&post=89462"}],"curies":[{"name":"wp","href":"https:\/\/api.w.org\/{rel}","templated":true}]}}