{"id":89460,"date":"2018-01-12T19:17:24","date_gmt":"2018-01-12T21:17:24","guid":{"rendered":"http:\/\/diarioregionaljf.com.br\/2018\/01\/12\/lei-que-previa-instalacao-da-frase-socorro-assalto-nos-letreiros-dos-onibus-e-vetada\/"},"modified":"2018-01-12T19:17:24","modified_gmt":"2018-01-12T21:17:24","slug":"lei-que-previa-instalacao-da-frase-socorro-assalto-nos-letreiros-dos-onibus-e-vetada","status":"publish","type":"post","link":"https:\/\/diarioregionaldigital.com.br\/?p=89460","title":{"rendered":"Lei que previa instala\u00e7\u00e3o da frase \u201cSocorro Assalto\u201d nos letreiros dos \u00f4nibus \u00e9 vetada"},"content":{"rendered":"<p>O prefeito Bruno Siqueira vetou integralmente o Projeto de Lei (PL) n\u00ba19\/2017, que obriga as empresas concession\u00e1rias respons\u00e1veis pelo transporte urbano do munic\u00edpio a instalar no letreiro luminoso dos ve\u00edculos a frase \u201cSOCORRO ASSALTO\u201d. A proposta \u00e9 de autoria do vereador Jos\u00e9 Mansueto Fiorilo (PTC) e o impedimento da mesma foi publicado no Di\u00e1rio Oficial do Munic\u00edpio nessa sexta-feira, 12.<\/p>\n<p>Em sua justificativa, o chefe do Executivo municipal alegou que o projeto \u00e9 inconstitucional, visto que a Lei Org\u00e2nica da cidade e a Constitui\u00e7\u00e3o do Estado de Minas atribuem exclusivamente ao prefeito a prerrogativa de definir as atribui\u00e7\u00f5es dos \u00f3rg\u00e3os da Administra\u00e7\u00e3o Direta. Al\u00e9m disso, Bruno ponderou que a Secretaria de Transporte e Tr\u00e2nsito (Settra) tamb\u00e9m avaliou o projeto e opinou pelo veto.<\/p>\n<p>\u201cO projeto de lei geraria custo para o sistema, haja vista que a instala\u00e7\u00e3o do bot\u00e3o do p\u00e2nico e altera\u00e7\u00e3o no software requer despesas, o que, consequentemente, oneraria a tarifa de \u00f4nibus. E o an\u00fancio do assalto no letreiro traria riscos para os motoristas e cobradores, conforme informou o Sindicato do Transporte Coletivo de Juiz de Fora, contrariando o objetivo principal, que seria a seguran\u00e7a p\u00fablica\u201d, disse o veto sobre o posicionamento da pasta.<\/p>\n<p>&nbsp;<\/p>\n<h4>O PROJETO DE LEI<\/h4>\n<p>A mat\u00e9ria previa que as empresas concession\u00e1rias do servi\u00e7o p\u00fablico de transporte coletivo urbano do munic\u00edpio de Juiz de Fora instalassem, no letreiro luminoso dos coletivos, a frase \u201cSOCORRO ASSALTO\u201d, para que a popula\u00e7\u00e3o e autoridades policiais tomassem as provid\u00eancias cab\u00edveis em caso de assalto no interior do ve\u00edculo.<\/p>\n<p>Segundo o artigo 2\u00ba do projeto, o sistema seria acionado pelo motorista ou pelo cobrador, devendo ser instalado o dispositivo em local estrat\u00e9gico, preservando a integridade f\u00edsica de quem o acionasse. Al\u00e9m disso, conforme o texto, caberia \u00e0s concession\u00e1rias a instala\u00e7\u00e3o do dispositivo em toda frota de ve\u00edculos, no prazo de 30 dias ap\u00f3s a comunica\u00e7\u00e3o da Settra.<\/p>\n","protected":false},"excerpt":{"rendered":"<p>O prefeito Bruno Siqueira vetou integralmente o Projeto de Lei (PL) n\u00ba19\/2017, que obriga as empresas concession\u00e1rias respons\u00e1veis pelo transporte urbano do munic\u00edpio a instalar no letreiro luminoso dos ve\u00edculos a frase \u201cSOCORRO ASSALTO\u201d. A proposta \u00e9 de autoria do vereador Jos\u00e9 Mansueto Fiorilo (PTC) e o impedimento da mesma foi publicado no Di\u00e1rio Oficial [&hellip;]<\/p>\n","protected":false},"author":96,"featured_media":89459,"comment_status":"closed","ping_status":"closed","sticky":false,"template":"","format":"standard","meta":{"footnotes":""},"categories":[254],"tags":[],"class_list":["post-89460","post","type-post","status-publish","format-standard","has-post-thumbnail","hentry","category-politica"],"_links":{"self":[{"href":"https:\/\/diarioregionaldigital.com.br\/index.php?rest_route=\/wp\/v2\/posts\/89460","targetHints":{"allow":["GET"]}}],"collection":[{"href":"https:\/\/diarioregionaldigital.com.br\/index.php?rest_route=\/wp\/v2\/posts"}],"about":[{"href":"https:\/\/diarioregionaldigital.com.br\/index.php?rest_route=\/wp\/v2\/types\/post"}],"author":[{"embeddable":true,"href":"https:\/\/diarioregionaldigital.com.br\/index.php?rest_route=\/wp\/v2\/users\/96"}],"replies":[{"embeddable":true,"href":"https:\/\/diarioregionaldigital.com.br\/index.php?rest_route=%2Fwp%2Fv2%2Fcomments&post=89460"}],"version-history":[{"count":0,"href":"https:\/\/diarioregionaldigital.com.br\/index.php?rest_route=\/wp\/v2\/posts\/89460\/revisions"}],"wp:featuredmedia":[{"embeddable":true,"href":"https:\/\/diarioregionaldigital.com.br\/index.php?rest_route=\/wp\/v2\/media\/89459"}],"wp:attachment":[{"href":"https:\/\/diarioregionaldigital.com.br\/index.php?rest_route=%2Fwp%2Fv2%2Fmedia&parent=89460"}],"wp:term":[{"taxonomy":"category","embeddable":true,"href":"https:\/\/diarioregionaldigital.com.br\/index.php?rest_route=%2Fwp%2Fv2%2Fcategories&post=89460"},{"taxonomy":"post_tag","embeddable":true,"href":"https:\/\/diarioregionaldigital.com.br\/index.php?rest_route=%2Fwp%2Fv2%2Ftags&post=89460"}],"curies":[{"name":"wp","href":"https:\/\/api.w.org\/{rel}","templated":true}]}}